{"id":4702,"date":"2022-01-20T13:45:29","date_gmt":"2022-01-20T13:45:29","guid":{"rendered":"https:\/\/www.eneroarquitectura.comlos-centros-maggie-o-como-la-arquitectura-ayuda-a-sanar\/"},"modified":"2022-01-20T13:50:32","modified_gmt":"2022-01-20T13:50:32","slug":"los-centros-maggie-o-como-la-arquitectura-ayuda-a-sanar","status":"publish","type":"post","link":"https:\/\/www.eneroarquitectura.com\/ca\/los-centros-maggie-o-como-la-arquitectura-ayuda-a-sanar\/","title":{"rendered":"Els Centres Maggie o com l&#8217;arquitectura ajuda a sanar"},"content":{"rendered":"<p>[vc_row][vc_column][vc_column_text]Els Centres Maggie sorgeixen de la convicci\u00f3 de Maggie Keswick Jenck sobre el poder que t\u00e9 l&#8217;arquitectura per a cuidar, acompanyar i ajudar a sanar. Coneix tot sobre aquesta mena d&#8217;arquitectura, des de com va n\u00e9ixer fins a la seva import\u00e0ncia en l&#8217;actualitat.<\/p>\n<h2>Qu\u00e8 s\u00f3n els Centres Maggie?<\/h2>\n<p>S\u00f3n petits edificis sempre pr\u00f2xims a hospitals. Tenen com a objectiu fer costat a les persones que lluiten contra el c\u00e0ncer cobrint necessitats que els hospitals no aconsegueixen abastar.<\/p>\n<p>Amb origen al Regne Unit, els Centres Maggie se situen en els entorns pr\u00f2xims a diferents hospitals. Aix\u00ed mateix, responen als valors que la seva fundadora va plantejar quan va somiar amb un nou espai per a travessar moments vitals complexos. L&#8217;escala de pavell\u00f3 dels centres contrasta amb l&#8217;arquitectura hospital\u00e0ria de grans superf\u00edcies.<\/p>\n<p>Aquests espais singulars s&#8217;inspiren en les idees sobre el tractament del c\u00e0ncer plantejades per Maggie. Van ser concebuts per a acompanyar als pacients, als seus familiars i amics en les diferents etapes de la malaltia.<\/p>\n<p>El suport \u00e9s gratu\u00eft i se centra en l&#8217;activaci\u00f3 de l&#8217;acompanyament pr\u00e0ctic i emocional per a les persones que assisteixen a les activitats del centre o passen temps all\u00e0<\/p>\n<p>Tal com expliquen des de l&#8217;organitzaci\u00f3 dels Centres Maggie, \u201cLa casa de la cura del c\u00e0ncer per a tots\u201d, la idea principal de la seva fundadora era que ning\u00fa havia de \u201cperdre l&#8217;alegria de viure amb por per morir\u201d. El llegat de Maggie \u00e9s la creaci\u00f3 d&#8217;aquests centres amb una nova manera d&#8217;entendre la cura del c\u00e0ncer basada en la seva pr\u00f2pia experi\u00e8ncia amb la malaltia.<\/p>\n<h2>Qui va ser Maggie Keswick Jenck?<\/h2>\n<p>Maggie va ser escriptora, paisatgista i dissenyadora. El seu llibre El jard\u00ed xin\u00e8s (1978) va tenir gran \u00e8xit i la seva sensibilitat per la cura de l&#8217;h\u00e0bitat s&#8217;evidencia en els enc\u00e0rrecs que va tenir de paisatgisme i interiorisme al llarg de la seva vida.<\/p>\n<p>Al 1993, amb 47 anys, va ser diagnosticada amb c\u00e0ncer de mama. Durant la seva malaltia i al costat del seu marit Charles Jencks, van recon\u00e8ixer la fredor dels espais hospitalaris per als pacients que passaven processos com el seu. Va ser llavors quan van decidir crear aquests nous llocs pr\u00f2xims als hospitals, per\u00f2 amb un enfocament de la cura diferent.<\/p>\n<p>Maggie va aconseguir viure 18 mesos m\u00e9s gr\u00e0cies a la quimioter\u00e0pia. Aquest temps el va dedicar a tra\u00e7ar les bases del que havien de ser els futurs Centres Maggie. Juntament amb el seu marit i un grup m\u00e8dic amb diferents especialistes, van desenvolupar el projecte per als centres. Laura Lee, infermera oncol\u00f2gica d&#8217;aquell equip, segueix com a directora Executiva dels centres avui dia.<\/p>\n<p>La cura pel disseny de l&#8217;espai, l&#8217;ajuda per a la gesti\u00f3 de l&#8217;estr\u00e8s i el suport psicol\u00f2gic eren punts claus per a generar aquest espai positiu on poder compartir l&#8217;experi\u00e8ncia i gestionar el proc\u00e9s de la malaltia. L&#8217;equip va buscar un lloc prop del Western General Hospital a Edimburg, on Maggie era tractada, per a poder situar el primer Centre Maggie.<\/p>\n<h2>ARQUITECTURA DELS CENTRES MAGGIE<\/h2>\n<h3>Arquitectes<\/h3>\n<p>L&#8217;arquitecte Richard Murphy va ser triat per a la reconstrucci\u00f3 d&#8217;un antic pavell\u00f3 prop del centre hospitalari. Aquest va acabar sent el primer dels 30 centres actuals.<\/p>\n<p>El projecte de cadascun d&#8217;aquests espais singulars s&#8217;encarrega a un estudi d&#8217;arquitectura diferent segons l&#8217;empla\u00e7ament. Per aix\u00f2 cada centre \u00e9s diferent i singular.<\/p>\n<p>Entre els arquitectes que han col\u00b7laborat en el disseny dels Centres Maggie es troben: Frank Gehry, Zaha Hadid, Rem Koolhass o Benedetta Tagliabue que va col\u00b7laborar en el primer centre obert a Espanya.<\/p>\n<p>Com a organitzaci\u00f3 ben\u00e8fica, els centres es continuen construint en diferents ciutats del m\u00f3n. Situant-se cada vegada m\u00e9s fora del Regne Unit. Els arquitectes que col\u00b7laboren en els projectes comparteixen la sensibilitat per la causa i els valors que Maggie va voler transmetre. Tots coincideixen que l&#8217;arquitectura t\u00e9 un paper important en el proc\u00e9s que segueixen els pacients i el seu entorn pr\u00f2xim. A m\u00e9s, la construcci\u00f3 es finan\u00e7a amb aportacions privades.<\/p>\n<h3>Ubicacions i disseny<\/h3>\n<p>Les ubicacions dels centres s&#8217;estudien minuciosament perqu\u00e8 tinguin les caracter\u00edstiques necess\u00e0ries. Per exemple, la proximitat amb el centre hospitalari. Per\u00f2 tamb\u00e9 es prioritza que incloguin espais verds i oberts en el seu per\u00edmetre.<\/p>\n<p>Els espais interiors no responen al concepte com\u00fa d&#8217;espai hospitalari. Busquen el benestar a trav\u00e9s de l&#8217;arquitectura, els materials i la distribuci\u00f3 interior que respon sempre a la mateixa idea de programa.<\/p>\n<p>En cadascun dels centres les connexions entre les persones articulen els espais. Per aix\u00f2 les zones comunes estan dissenyades per a crear comoditat i assossec i propiciar els lla\u00e7os entre les persones, m\u00e9s com un espai dom\u00e8stic que p\u00fablic. D&#8217;aquesta manera una gran taula de cuina sempre \u00e9s l&#8217;espai central des d&#8217;on s&#8217;estableixen les relacions entre els visitants i l&#8217;equip del centre.<\/p>\n<p>Les vistes sobre l&#8217;exterior i la naturalesa s\u00f3n fonamentals pel que grans finestrals i obertures defineixen les composicions en fa\u00e7ana dels centres. \u00c9s fonamental que existeixi aquesta connexi\u00f3 interior-exterior per a generar una sensaci\u00f3 calmada de connexi\u00f3 amb l&#8217;entorn enfront dels espais tancats i herm\u00e8tics hospitalaris. La llum natural banya l&#8217;interior i ajuda a crear la calidesa per a aquest context humanitzat.<\/p>\n<p>D&#8217;altra banda, tamb\u00e9 existeixen espais per a la privacitat quan els visitants desitgen m\u00e9s intimitat.<\/p>\n<p>El disseny dels jardins que sempre acompanyen al projecte es cuida amb el mateix detall que la seva arquitectura: el paisatgisme s&#8217;integra en el projecte.<\/p>\n<div id=\"attachment_4677\" style=\"width: 522px\" class=\"wp-caption aligncenter\"><img loading=\"lazy\" decoding=\"async\" aria-describedby=\"caption-attachment-4677\" class=\"wp-image-4677 size-full\" src=\"https:\/\/www.eneroarquitectura.com\/wp-content\/uploads\/2022\/01\/maggie1.jpg\" alt=\"Maggie Keswick Jencks \u00a9Maggie's\" width=\"512\" height=\"256\" srcset=\"https:\/\/www.eneroarquitectura.com\/wp-content\/uploads\/2022\/01\/maggie1.jpg 512w, https:\/\/www.eneroarquitectura.com\/wp-content\/uploads\/2022\/01\/maggie1-300x150.jpg 300w\" sizes=\"auto, (max-width: 512px) 100vw, 512px\" \/><p id=\"caption-attachment-4677\" class=\"wp-caption-text\">Maggie Keswick Jencks \u00a9Maggie&#8217;s<\/p><\/div>\n<div id=\"attachment_4680\" style=\"width: 1034px\" class=\"wp-caption aligncenter\"><img loading=\"lazy\" decoding=\"async\" aria-describedby=\"caption-attachment-4680\" class=\"wp-image-4680 size-large\" src=\"https:\/\/www.eneroarquitectura.com\/wp-content\/uploads\/2022\/01\/maggie2-1024x480.jpg\" alt=\"Maggie's Aberdeen \u00a9PHILIP VILE\" width=\"1024\" height=\"480\" srcset=\"https:\/\/www.eneroarquitectura.com\/wp-content\/uploads\/2022\/01\/maggie2-1024x480.jpg 1024w, https:\/\/www.eneroarquitectura.com\/wp-content\/uploads\/2022\/01\/maggie2-300x141.jpg 300w, https:\/\/www.eneroarquitectura.com\/wp-content\/uploads\/2022\/01\/maggie2-768x360.jpg 768w, https:\/\/www.eneroarquitectura.com\/wp-content\/uploads\/2022\/01\/maggie2.jpg 1379w\" sizes=\"auto, (max-width: 1024px) 100vw, 1024px\" \/><p id=\"caption-attachment-4680\" class=\"wp-caption-text\">Maggie&#8217;s Aberdeen \u00a9PHILIP VILE<\/p><\/div>\n<div id=\"attachment_4683\" style=\"width: 1034px\" class=\"wp-caption aligncenter\"><img loading=\"lazy\" decoding=\"async\" aria-describedby=\"caption-attachment-4683\" class=\"wp-image-4683 size-large\" src=\"https:\/\/www.eneroarquitectura.com\/wp-content\/uploads\/2022\/01\/maggie3-1024x735.jpg\" alt=\"Maggie's Dundee Pic \u00a9Raf Makda, August 2003\" width=\"1024\" height=\"735\" srcset=\"https:\/\/www.eneroarquitectura.com\/wp-content\/uploads\/2022\/01\/maggie3-1024x735.jpg 1024w, https:\/\/www.eneroarquitectura.com\/wp-content\/uploads\/2022\/01\/maggie3-300x215.jpg 300w, https:\/\/www.eneroarquitectura.com\/wp-content\/uploads\/2022\/01\/maggie3-768x552.jpg 768w, https:\/\/www.eneroarquitectura.com\/wp-content\/uploads\/2022\/01\/maggie3.jpg 1380w\" sizes=\"auto, (max-width: 1024px) 100vw, 1024px\" \/><p id=\"caption-attachment-4683\" class=\"wp-caption-text\">Maggie&#8217;s Dundee Pic \u00a9Raf Makda, August 2003<\/p><\/div>\n<div id=\"attachment_4686\" style=\"width: 1034px\" class=\"wp-caption aligncenter\"><img loading=\"lazy\" decoding=\"async\" aria-describedby=\"caption-attachment-4686\" class=\"wp-image-4686 size-large\" src=\"https:\/\/www.eneroarquitectura.com\/wp-content\/uploads\/2022\/01\/maggie4-1024x801.jpg\" alt=\"Maggie's Fife \u00a9Maggie's\" width=\"1024\" height=\"801\" srcset=\"https:\/\/www.eneroarquitectura.com\/wp-content\/uploads\/2022\/01\/maggie4-1024x801.jpg 1024w, https:\/\/www.eneroarquitectura.com\/wp-content\/uploads\/2022\/01\/maggie4-300x235.jpg 300w, https:\/\/www.eneroarquitectura.com\/wp-content\/uploads\/2022\/01\/maggie4-768x601.jpg 768w, https:\/\/www.eneroarquitectura.com\/wp-content\/uploads\/2022\/01\/maggie4.jpg 1299w\" sizes=\"auto, (max-width: 1024px) 100vw, 1024px\" \/><p id=\"caption-attachment-4686\" class=\"wp-caption-text\">Maggie&#8217;s Fife \u00a9Maggie&#8217;s<\/p><\/div>\n<div id=\"attachment_4689\" style=\"width: 1034px\" class=\"wp-caption aligncenter\"><img loading=\"lazy\" decoding=\"async\" aria-describedby=\"caption-attachment-4689\" class=\"wp-image-4689 size-large\" src=\"https:\/\/www.eneroarquitectura.com\/wp-content\/uploads\/2022\/01\/maggie5-1024x682.jpg\" alt=\"K\u00e1lida Sant Pau\u00a9 Lluc Miralles_EMBT \" width=\"1024\" height=\"682\" srcset=\"https:\/\/www.eneroarquitectura.com\/wp-content\/uploads\/2022\/01\/maggie5-1024x682.jpg 1024w, https:\/\/www.eneroarquitectura.com\/wp-content\/uploads\/2022\/01\/maggie5-300x200.jpg 300w, https:\/\/www.eneroarquitectura.com\/wp-content\/uploads\/2022\/01\/maggie5-768x512.jpg 768w, https:\/\/www.eneroarquitectura.com\/wp-content\/uploads\/2022\/01\/maggie5.jpg 1379w\" sizes=\"auto, (max-width: 1024px) 100vw, 1024px\" \/><p id=\"caption-attachment-4689\" class=\"wp-caption-text\">K\u00e1lida Sant Pau\u00a9 Lluc Miralles_EMBT<\/p><\/div>\n<div id=\"attachment_4692\" style=\"width: 1034px\" class=\"wp-caption aligncenter\"><img loading=\"lazy\" decoding=\"async\" aria-describedby=\"caption-attachment-4692\" class=\"wp-image-4692 size-large\" src=\"https:\/\/www.eneroarquitectura.com\/wp-content\/uploads\/2022\/01\/maggie6-1024x682.jpg\" alt=\"K\u00e1lida Sant Pau\u00a9 Lluc Miralles_EMBT \" width=\"1024\" height=\"682\" srcset=\"https:\/\/www.eneroarquitectura.com\/wp-content\/uploads\/2022\/01\/maggie6-1024x682.jpg 1024w, https:\/\/www.eneroarquitectura.com\/wp-content\/uploads\/2022\/01\/maggie6-300x200.jpg 300w, https:\/\/www.eneroarquitectura.com\/wp-content\/uploads\/2022\/01\/maggie6-768x512.jpg 768w, https:\/\/www.eneroarquitectura.com\/wp-content\/uploads\/2022\/01\/maggie6.jpg 1379w\" sizes=\"auto, (max-width: 1024px) 100vw, 1024px\" \/><p id=\"caption-attachment-4692\" class=\"wp-caption-text\">K\u00e1lida Sant Pau\u00a9 Lluc Miralles_EMBT<\/p><\/div>\n<div id=\"attachment_4695\" style=\"width: 1034px\" class=\"wp-caption aligncenter\"><img loading=\"lazy\" decoding=\"async\" aria-describedby=\"caption-attachment-4695\" class=\"wp-image-4695 size-large\" src=\"https:\/\/www.eneroarquitectura.com\/wp-content\/uploads\/2022\/01\/maggie7-1024x682.jpg\" alt=\"K\u00e1lida Sant Pau\u00a9 Lluc Miralles_EMBT \" width=\"1024\" height=\"682\" srcset=\"https:\/\/www.eneroarquitectura.com\/wp-content\/uploads\/2022\/01\/maggie7-1024x682.jpg 1024w, https:\/\/www.eneroarquitectura.com\/wp-content\/uploads\/2022\/01\/maggie7-300x200.jpg 300w, https:\/\/www.eneroarquitectura.com\/wp-content\/uploads\/2022\/01\/maggie7-768x512.jpg 768w, https:\/\/www.eneroarquitectura.com\/wp-content\/uploads\/2022\/01\/maggie7.jpg 1379w\" sizes=\"auto, (max-width: 1024px) 100vw, 1024px\" \/><p id=\"caption-attachment-4695\" class=\"wp-caption-text\">K\u00e1lida Sant Pau\u00a9 Lluc Miralles_EMBT<\/p><\/div>\n<div id=\"attachment_4698\" style=\"width: 1034px\" class=\"wp-caption aligncenter\"><img loading=\"lazy\" decoding=\"async\" aria-describedby=\"caption-attachment-4698\" class=\"wp-image-4698 size-large\" src=\"https:\/\/www.eneroarquitectura.com\/wp-content\/uploads\/2022\/01\/maggie8-1024x682.jpg\" alt=\"K\u00e1lida Sant Pau\u00a9 Lluc Miralles_EMBT \" width=\"1024\" height=\"682\" srcset=\"https:\/\/www.eneroarquitectura.com\/wp-content\/uploads\/2022\/01\/maggie8-1024x682.jpg 1024w, https:\/\/www.eneroarquitectura.com\/wp-content\/uploads\/2022\/01\/maggie8-300x200.jpg 300w, https:\/\/www.eneroarquitectura.com\/wp-content\/uploads\/2022\/01\/maggie8-768x512.jpg 768w, https:\/\/www.eneroarquitectura.com\/wp-content\/uploads\/2022\/01\/maggie8.jpg 1379w\" sizes=\"auto, (max-width: 1024px) 100vw, 1024px\" \/><p id=\"caption-attachment-4698\" class=\"wp-caption-text\">K\u00e1lida Sant Pau\u00a9 Lluc Miralles_EMBT<\/p><\/div>\n<p>[\/vc_column_text][\/vc_column][\/vc_row]<\/p>\n","protected":false},"excerpt":{"rendered":"<p>Els Centres Maggie sorgeixen de la convicci\u00f3 de Maggie Keswick Jenck sobre el poder que t\u00e9 l&#8217;arquitectura per a cuidar, acompanyar i ajudar a sanar. Coneix tot sobre aquesta mena d&#8217;arquitectura, des de com va n\u00e9ixer fins a la seva import\u00e0ncia en l&#8217;actualitat.<\/p>\n","protected":false},"author":1,"featured_media":4681,"comment_status":"open","ping_status":"open","sticky":false,"template":"","format":"standard","meta":{"footnotes":""},"categories":[229],"tags":[],"class_list":["post-4702","post","type-post","status-publish","format-standard","has-post-thumbnail","hentry","category-arquitectura-hospitalaria"],"yoast_head":"<!-- This site is optimized with the Yoast SEO plugin v26.4 - https:\/\/yoast.com\/wordpress\/plugins\/seo\/ -->\n<title>Els Centres Maggie o com l&#039;arquitectura ajuda a sanar | Enero Arquitectura | Arquitectura hospitalaria<\/title>\n<meta name=\"description\" content=\"Els Centres Maggie sorgeixen de la convicci\u00f3 de Maggie Keswick Jenck sobre el poder que t\u00e9 l&#039;arquitectura per a cuidar, acompanyar i ajudar a sanar. Coneix tot sobre aquesta mena d&#039;arquitectura, des de com va n\u00e9ixer fins a la seva import\u00e0ncia en l&#039;actualitat.\" \/>\n<meta name=\"robots\" content=\"index, follow, max-snippet:-1, max-image-preview:large, max-video-preview:-1\" \/>\n<link rel=\"canonical\" href=\"https:\/\/www.eneroarquitectura.com\/ca\/los-centros-maggie-o-como-la-arquitectura-ayuda-a-sanar\/\" \/>\n<meta property=\"og:locale\" content=\"ca_ES\" \/>\n<meta property=\"og:type\" content=\"article\" \/>\n<meta property=\"og:title\" content=\"Els Centres Maggie o com l&#039;arquitectura ajuda a sanar | Enero Arquitectura | Arquitectura hospitalaria\" \/>\n<meta property=\"og:description\" content=\"Els Centres Maggie sorgeixen de la convicci\u00f3 de Maggie Keswick Jenck sobre el poder que t\u00e9 l&#039;arquitectura per a cuidar, acompanyar i ajudar a sanar. Coneix tot sobre aquesta mena d&#039;arquitectura, des de com va n\u00e9ixer fins a la seva import\u00e0ncia en l&#039;actualitat.\" \/>\n<meta property=\"og:url\" content=\"https:\/\/www.eneroarquitectura.com\/ca\/los-centros-maggie-o-como-la-arquitectura-ayuda-a-sanar\/\" \/>\n<meta property=\"og:site_name\" content=\"Enero Arquitectura\" \/>\n<meta property=\"article:publisher\" content=\"https:\/\/es-es.facebook.com\/eneroarquitectura\/\" \/>\n<meta property=\"article:published_time\" content=\"2022-01-20T13:45:29+00:00\" \/>\n<meta property=\"article:modified_time\" content=\"2022-01-20T13:50:32+00:00\" \/>\n<meta property=\"og:image\" content=\"https:\/\/www.eneroarquitectura.com\/wp-content\/uploads\/2022\/01\/maggie2.jpg\" \/>\n\t<meta property=\"og:image:width\" content=\"1379\" \/>\n\t<meta property=\"og:image:height\" content=\"647\" \/>\n\t<meta property=\"og:image:type\" content=\"image\/jpeg\" \/>\n<meta name=\"author\" content=\"admin_ENERO\" \/>\n<meta name=\"twitter:card\" content=\"summary_large_image\" \/>\n<meta name=\"twitter:creator\" content=\"@admin_enero\" \/>\n<meta name=\"twitter:site\" content=\"@eneroarq\" \/>\n<meta name=\"twitter:label1\" content=\"Escrit per\" \/>\n\t<meta name=\"twitter:data1\" content=\"admin_ENERO\" \/>\n\t<meta name=\"twitter:label2\" content=\"Temps estimat de lectura\" \/>\n\t<meta name=\"twitter:data2\" content=\"5 minuts\" \/>\n<script type=\"application\/ld+json\" class=\"yoast-schema-graph\">{\"@context\":\"https:\/\/schema.org\",\"@graph\":[{\"@type\":\"Article\",\"@id\":\"https:\/\/www.eneroarquitectura.com\/ca\/los-centros-maggie-o-como-la-arquitectura-ayuda-a-sanar\/#article\",\"isPartOf\":{\"@id\":\"https:\/\/www.eneroarquitectura.com\/ca\/los-centros-maggie-o-como-la-arquitectura-ayuda-a-sanar\/\"},\"author\":{\"name\":\"admin_ENERO\",\"@id\":\"https:\/\/www.eneroarquitectura.com\/#\/schema\/person\/ed71fc964241a3bdef30907c52c57de5\"},\"headline\":\"Els Centres Maggie o com l&#8217;arquitectura ajuda a sanar\",\"datePublished\":\"2022-01-20T13:45:29+00:00\",\"dateModified\":\"2022-01-20T13:50:32+00:00\",\"mainEntityOfPage\":{\"@id\":\"https:\/\/www.eneroarquitectura.com\/ca\/los-centros-maggie-o-como-la-arquitectura-ayuda-a-sanar\/\"},\"wordCount\":1107,\"commentCount\":0,\"publisher\":{\"@id\":\"https:\/\/www.eneroarquitectura.com\/#organization\"},\"image\":{\"@id\":\"https:\/\/www.eneroarquitectura.com\/ca\/los-centros-maggie-o-como-la-arquitectura-ayuda-a-sanar\/#primaryimage\"},\"thumbnailUrl\":\"https:\/\/www.eneroarquitectura.com\/wp-content\/uploads\/2022\/01\/maggie2.jpg\",\"articleSection\":[\"Arquitectura hospital\u00e0ria\"],\"inLanguage\":\"ca\",\"potentialAction\":[{\"@type\":\"CommentAction\",\"name\":\"Comment\",\"target\":[\"https:\/\/www.eneroarquitectura.com\/ca\/los-centros-maggie-o-como-la-arquitectura-ayuda-a-sanar\/#respond\"]}]},{\"@type\":\"WebPage\",\"@id\":\"https:\/\/www.eneroarquitectura.com\/ca\/los-centros-maggie-o-como-la-arquitectura-ayuda-a-sanar\/\",\"url\":\"https:\/\/www.eneroarquitectura.com\/ca\/los-centros-maggie-o-como-la-arquitectura-ayuda-a-sanar\/\",\"name\":\"Els Centres Maggie o com l'arquitectura ajuda a sanar | Enero Arquitectura | Arquitectura hospitalaria\",\"isPartOf\":{\"@id\":\"https:\/\/www.eneroarquitectura.com\/#website\"},\"primaryImageOfPage\":{\"@id\":\"https:\/\/www.eneroarquitectura.com\/ca\/los-centros-maggie-o-como-la-arquitectura-ayuda-a-sanar\/#primaryimage\"},\"image\":{\"@id\":\"https:\/\/www.eneroarquitectura.com\/ca\/los-centros-maggie-o-como-la-arquitectura-ayuda-a-sanar\/#primaryimage\"},\"thumbnailUrl\":\"https:\/\/www.eneroarquitectura.com\/wp-content\/uploads\/2022\/01\/maggie2.jpg\",\"datePublished\":\"2022-01-20T13:45:29+00:00\",\"dateModified\":\"2022-01-20T13:50:32+00:00\",\"description\":\"Els Centres Maggie sorgeixen de la convicci\u00f3 de Maggie Keswick Jenck sobre el poder que t\u00e9 l'arquitectura per a cuidar, acompanyar i ajudar a sanar. Coneix tot sobre aquesta mena d'arquitectura, des de com va n\u00e9ixer fins a la seva import\u00e0ncia en l'actualitat.\",\"breadcrumb\":{\"@id\":\"https:\/\/www.eneroarquitectura.com\/ca\/los-centros-maggie-o-como-la-arquitectura-ayuda-a-sanar\/#breadcrumb\"},\"inLanguage\":\"ca\",\"potentialAction\":[{\"@type\":\"ReadAction\",\"target\":[\"https:\/\/www.eneroarquitectura.com\/ca\/los-centros-maggie-o-como-la-arquitectura-ayuda-a-sanar\/\"]}]},{\"@type\":\"ImageObject\",\"inLanguage\":\"ca\",\"@id\":\"https:\/\/www.eneroarquitectura.com\/ca\/los-centros-maggie-o-como-la-arquitectura-ayuda-a-sanar\/#primaryimage\",\"url\":\"https:\/\/www.eneroarquitectura.com\/wp-content\/uploads\/2022\/01\/maggie2.jpg\",\"contentUrl\":\"https:\/\/www.eneroarquitectura.com\/wp-content\/uploads\/2022\/01\/maggie2.jpg\",\"width\":1379,\"height\":647},{\"@type\":\"BreadcrumbList\",\"@id\":\"https:\/\/www.eneroarquitectura.com\/ca\/los-centros-maggie-o-como-la-arquitectura-ayuda-a-sanar\/#breadcrumb\",\"itemListElement\":[{\"@type\":\"ListItem\",\"position\":1,\"name\":\"Portada\",\"item\":\"https:\/\/www.eneroarquitectura.com\/ca\/\"},{\"@type\":\"ListItem\",\"position\":2,\"name\":\"Els Centres Maggie o com l&#8217;arquitectura ajuda a sanar\"}]},{\"@type\":\"WebSite\",\"@id\":\"https:\/\/www.eneroarquitectura.com\/#website\",\"url\":\"https:\/\/www.eneroarquitectura.com\/\",\"name\":\"Enero Arquitectura\",\"description\":\"Estudio de arquitectura, referente de la arquitectura hospitalaria en Espa\u00f1a, con m\u00e1s de 2.000.000 m2 de proyectos realizados.\",\"publisher\":{\"@id\":\"https:\/\/www.eneroarquitectura.com\/#organization\"},\"potentialAction\":[{\"@type\":\"SearchAction\",\"target\":{\"@type\":\"EntryPoint\",\"urlTemplate\":\"https:\/\/www.eneroarquitectura.com\/?s={search_term_string}\"},\"query-input\":{\"@type\":\"PropertyValueSpecification\",\"valueRequired\":true,\"valueName\":\"search_term_string\"}}],\"inLanguage\":\"ca\"},{\"@type\":\"Organization\",\"@id\":\"https:\/\/www.eneroarquitectura.com\/#organization\",\"name\":\"ENERO ARQUITECTURA SLP\",\"url\":\"https:\/\/www.eneroarquitectura.com\/\",\"logo\":{\"@type\":\"ImageObject\",\"inLanguage\":\"ca\",\"@id\":\"https:\/\/www.eneroarquitectura.com\/#\/schema\/logo\/image\/\",\"url\":\"https:\/\/www.eneroarquitectura.com\/wp-content\/uploads\/2021\/12\/LOGO-ENERO2.png\",\"contentUrl\":\"https:\/\/www.eneroarquitectura.com\/wp-content\/uploads\/2021\/12\/LOGO-ENERO2.png\",\"width\":2382,\"height\":365,\"caption\":\"ENERO ARQUITECTURA SLP\"},\"image\":{\"@id\":\"https:\/\/www.eneroarquitectura.com\/#\/schema\/logo\/image\/\"},\"sameAs\":[\"https:\/\/es-es.facebook.com\/eneroarquitectura\/\",\"https:\/\/x.com\/eneroarq\",\"https:\/\/www.instagram.com\/eneroarquitectura\/?hl=es\",\"https:\/\/es.linkedin.com\/company\/eneroarquitectura\",\"https:\/\/www.pinterest.es\/eneroarq\/\",\"https:\/\/www.youtube.com\/channel\/UClpI42aeTDSRoK9Ldx8cACw\"]},{\"@type\":\"Person\",\"@id\":\"https:\/\/www.eneroarquitectura.com\/#\/schema\/person\/ed71fc964241a3bdef30907c52c57de5\",\"name\":\"admin_ENERO\",\"image\":{\"@type\":\"ImageObject\",\"inLanguage\":\"ca\",\"@id\":\"https:\/\/www.eneroarquitectura.com\/#\/schema\/person\/image\/\",\"url\":\"https:\/\/secure.gravatar.com\/avatar\/8bca979d5344ed51c80b9b3cc530c6df1f44cbb592131e08468087b4b7eb68ca?s=96&d=mm&r=g\",\"contentUrl\":\"https:\/\/secure.gravatar.com\/avatar\/8bca979d5344ed51c80b9b3cc530c6df1f44cbb592131e08468087b4b7eb68ca?s=96&d=mm&r=g\",\"caption\":\"admin_ENERO\"},\"sameAs\":[\"https:\/\/x.com\/admin_enero\"],\"url\":\"https:\/\/www.eneroarquitectura.com\/ca\/author\/admin_enero\/\"}]}<\/script>\n<!-- \/ Yoast SEO plugin. -->","yoast_head_json":{"title":"Els Centres Maggie o com l'arquitectura ajuda a sanar | Enero Arquitectura | Arquitectura hospitalaria","description":"Els Centres Maggie sorgeixen de la convicci\u00f3 de Maggie Keswick Jenck sobre el poder que t\u00e9 l'arquitectura per a cuidar, acompanyar i ajudar a sanar. Coneix tot sobre aquesta mena d'arquitectura, des de com va n\u00e9ixer fins a la seva import\u00e0ncia en l'actualitat.","robots":{"index":"index","follow":"follow","max-snippet":"max-snippet:-1","max-image-preview":"max-image-preview:large","max-video-preview":"max-video-preview:-1"},"canonical":"https:\/\/www.eneroarquitectura.com\/ca\/los-centros-maggie-o-como-la-arquitectura-ayuda-a-sanar\/","og_locale":"ca_ES","og_type":"article","og_title":"Els Centres Maggie o com l'arquitectura ajuda a sanar | Enero Arquitectura | Arquitectura hospitalaria","og_description":"Els Centres Maggie sorgeixen de la convicci\u00f3 de Maggie Keswick Jenck sobre el poder que t\u00e9 l'arquitectura per a cuidar, acompanyar i ajudar a sanar. Coneix tot sobre aquesta mena d'arquitectura, des de com va n\u00e9ixer fins a la seva import\u00e0ncia en l'actualitat.","og_url":"https:\/\/www.eneroarquitectura.com\/ca\/los-centros-maggie-o-como-la-arquitectura-ayuda-a-sanar\/","og_site_name":"Enero Arquitectura","article_publisher":"https:\/\/es-es.facebook.com\/eneroarquitectura\/","article_published_time":"2022-01-20T13:45:29+00:00","article_modified_time":"2022-01-20T13:50:32+00:00","og_image":[{"width":1379,"height":647,"url":"https:\/\/www.eneroarquitectura.com\/wp-content\/uploads\/2022\/01\/maggie2.jpg","type":"image\/jpeg"}],"author":"admin_ENERO","twitter_card":"summary_large_image","twitter_creator":"@admin_enero","twitter_site":"@eneroarq","twitter_misc":{"Escrit per":"admin_ENERO","Temps estimat de lectura":"5 minuts"},"schema":{"@context":"https:\/\/schema.org","@graph":[{"@type":"Article","@id":"https:\/\/www.eneroarquitectura.com\/ca\/los-centros-maggie-o-como-la-arquitectura-ayuda-a-sanar\/#article","isPartOf":{"@id":"https:\/\/www.eneroarquitectura.com\/ca\/los-centros-maggie-o-como-la-arquitectura-ayuda-a-sanar\/"},"author":{"name":"admin_ENERO","@id":"https:\/\/www.eneroarquitectura.com\/#\/schema\/person\/ed71fc964241a3bdef30907c52c57de5"},"headline":"Els Centres Maggie o com l&#8217;arquitectura ajuda a sanar","datePublished":"2022-01-20T13:45:29+00:00","dateModified":"2022-01-20T13:50:32+00:00","mainEntityOfPage":{"@id":"https:\/\/www.eneroarquitectura.com\/ca\/los-centros-maggie-o-como-la-arquitectura-ayuda-a-sanar\/"},"wordCount":1107,"commentCount":0,"publisher":{"@id":"https:\/\/www.eneroarquitectura.com\/#organization"},"image":{"@id":"https:\/\/www.eneroarquitectura.com\/ca\/los-centros-maggie-o-como-la-arquitectura-ayuda-a-sanar\/#primaryimage"},"thumbnailUrl":"https:\/\/www.eneroarquitectura.com\/wp-content\/uploads\/2022\/01\/maggie2.jpg","articleSection":["Arquitectura hospital\u00e0ria"],"inLanguage":"ca","potentialAction":[{"@type":"CommentAction","name":"Comment","target":["https:\/\/www.eneroarquitectura.com\/ca\/los-centros-maggie-o-como-la-arquitectura-ayuda-a-sanar\/#respond"]}]},{"@type":"WebPage","@id":"https:\/\/www.eneroarquitectura.com\/ca\/los-centros-maggie-o-como-la-arquitectura-ayuda-a-sanar\/","url":"https:\/\/www.eneroarquitectura.com\/ca\/los-centros-maggie-o-como-la-arquitectura-ayuda-a-sanar\/","name":"Els Centres Maggie o com l'arquitectura ajuda a sanar | Enero Arquitectura | Arquitectura hospitalaria","isPartOf":{"@id":"https:\/\/www.eneroarquitectura.com\/#website"},"primaryImageOfPage":{"@id":"https:\/\/www.eneroarquitectura.com\/ca\/los-centros-maggie-o-como-la-arquitectura-ayuda-a-sanar\/#primaryimage"},"image":{"@id":"https:\/\/www.eneroarquitectura.com\/ca\/los-centros-maggie-o-como-la-arquitectura-ayuda-a-sanar\/#primaryimage"},"thumbnailUrl":"https:\/\/www.eneroarquitectura.com\/wp-content\/uploads\/2022\/01\/maggie2.jpg","datePublished":"2022-01-20T13:45:29+00:00","dateModified":"2022-01-20T13:50:32+00:00","description":"Els Centres Maggie sorgeixen de la convicci\u00f3 de Maggie Keswick Jenck sobre el poder que t\u00e9 l'arquitectura per a cuidar, acompanyar i ajudar a sanar. Coneix tot sobre aquesta mena d'arquitectura, des de com va n\u00e9ixer fins a la seva import\u00e0ncia en l'actualitat.","breadcrumb":{"@id":"https:\/\/www.eneroarquitectura.com\/ca\/los-centros-maggie-o-como-la-arquitectura-ayuda-a-sanar\/#breadcrumb"},"inLanguage":"ca","potentialAction":[{"@type":"ReadAction","target":["https:\/\/www.eneroarquitectura.com\/ca\/los-centros-maggie-o-como-la-arquitectura-ayuda-a-sanar\/"]}]},{"@type":"ImageObject","inLanguage":"ca","@id":"https:\/\/www.eneroarquitectura.com\/ca\/los-centros-maggie-o-como-la-arquitectura-ayuda-a-sanar\/#primaryimage","url":"https:\/\/www.eneroarquitectura.com\/wp-content\/uploads\/2022\/01\/maggie2.jpg","contentUrl":"https:\/\/www.eneroarquitectura.com\/wp-content\/uploads\/2022\/01\/maggie2.jpg","width":1379,"height":647},{"@type":"BreadcrumbList","@id":"https:\/\/www.eneroarquitectura.com\/ca\/los-centros-maggie-o-como-la-arquitectura-ayuda-a-sanar\/#breadcrumb","itemListElement":[{"@type":"ListItem","position":1,"name":"Portada","item":"https:\/\/www.eneroarquitectura.com\/ca\/"},{"@type":"ListItem","position":2,"name":"Els Centres Maggie o com l&#8217;arquitectura ajuda a sanar"}]},{"@type":"WebSite","@id":"https:\/\/www.eneroarquitectura.com\/#website","url":"https:\/\/www.eneroarquitectura.com\/","name":"Enero Arquitectura","description":"Estudio de arquitectura, referente de la arquitectura hospitalaria en Espa\u00f1a, con m\u00e1s de 2.000.000 m2 de proyectos realizados.","publisher":{"@id":"https:\/\/www.eneroarquitectura.com\/#organization"},"potentialAction":[{"@type":"SearchAction","target":{"@type":"EntryPoint","urlTemplate":"https:\/\/www.eneroarquitectura.com\/?s={search_term_string}"},"query-input":{"@type":"PropertyValueSpecification","valueRequired":true,"valueName":"search_term_string"}}],"inLanguage":"ca"},{"@type":"Organization","@id":"https:\/\/www.eneroarquitectura.com\/#organization","name":"ENERO ARQUITECTURA SLP","url":"https:\/\/www.eneroarquitectura.com\/","logo":{"@type":"ImageObject","inLanguage":"ca","@id":"https:\/\/www.eneroarquitectura.com\/#\/schema\/logo\/image\/","url":"https:\/\/www.eneroarquitectura.com\/wp-content\/uploads\/2021\/12\/LOGO-ENERO2.png","contentUrl":"https:\/\/www.eneroarquitectura.com\/wp-content\/uploads\/2021\/12\/LOGO-ENERO2.png","width":2382,"height":365,"caption":"ENERO ARQUITECTURA SLP"},"image":{"@id":"https:\/\/www.eneroarquitectura.com\/#\/schema\/logo\/image\/"},"sameAs":["https:\/\/es-es.facebook.com\/eneroarquitectura\/","https:\/\/x.com\/eneroarq","https:\/\/www.instagram.com\/eneroarquitectura\/?hl=es","https:\/\/es.linkedin.com\/company\/eneroarquitectura","https:\/\/www.pinterest.es\/eneroarq\/","https:\/\/www.youtube.com\/channel\/UClpI42aeTDSRoK9Ldx8cACw"]},{"@type":"Person","@id":"https:\/\/www.eneroarquitectura.com\/#\/schema\/person\/ed71fc964241a3bdef30907c52c57de5","name":"admin_ENERO","image":{"@type":"ImageObject","inLanguage":"ca","@id":"https:\/\/www.eneroarquitectura.com\/#\/schema\/person\/image\/","url":"https:\/\/secure.gravatar.com\/avatar\/8bca979d5344ed51c80b9b3cc530c6df1f44cbb592131e08468087b4b7eb68ca?s=96&d=mm&r=g","contentUrl":"https:\/\/secure.gravatar.com\/avatar\/8bca979d5344ed51c80b9b3cc530c6df1f44cbb592131e08468087b4b7eb68ca?s=96&d=mm&r=g","caption":"admin_ENERO"},"sameAs":["https:\/\/x.com\/admin_enero"],"url":"https:\/\/www.eneroarquitectura.com\/ca\/author\/admin_enero\/"}]}},"_links":{"self":[{"href":"https:\/\/www.eneroarquitectura.com\/ca\/wp-json\/wp\/v2\/posts\/4702","targetHints":{"allow":["GET"]}}],"collection":[{"href":"https:\/\/www.eneroarquitectura.com\/ca\/wp-json\/wp\/v2\/posts"}],"about":[{"href":"https:\/\/www.eneroarquitectura.com\/ca\/wp-json\/wp\/v2\/types\/post"}],"author":[{"embeddable":true,"href":"https:\/\/www.eneroarquitectura.com\/ca\/wp-json\/wp\/v2\/users\/1"}],"replies":[{"embeddable":true,"href":"https:\/\/www.eneroarquitectura.com\/ca\/wp-json\/wp\/v2\/comments?post=4702"}],"version-history":[{"count":3,"href":"https:\/\/www.eneroarquitectura.com\/ca\/wp-json\/wp\/v2\/posts\/4702\/revisions"}],"predecessor-version":[{"id":4708,"href":"https:\/\/www.eneroarquitectura.com\/ca\/wp-json\/wp\/v2\/posts\/4702\/revisions\/4708"}],"wp:featuredmedia":[{"embeddable":true,"href":"https:\/\/www.eneroarquitectura.com\/ca\/wp-json\/wp\/v2\/media\/4681"}],"wp:attachment":[{"href":"https:\/\/www.eneroarquitectura.com\/ca\/wp-json\/wp\/v2\/media?parent=4702"}],"wp:term":[{"taxonomy":"category","embeddable":true,"href":"https:\/\/www.eneroarquitectura.com\/ca\/wp-json\/wp\/v2\/categories?post=4702"},{"taxonomy":"post_tag","embeddable":true,"href":"https:\/\/www.eneroarquitectura.com\/ca\/wp-json\/wp\/v2\/tags?post=4702"}],"curies":[{"name":"wp","href":"https:\/\/api.w.org\/{rel}","templated":true}]}}