{"id":4755,"date":"2022-03-02T09:36:39","date_gmt":"2022-03-02T09:36:39","guid":{"rendered":"https:\/\/www.eneroarquitectura.com\/?p=4755"},"modified":"2022-03-08T11:13:17","modified_gmt":"2022-03-08T11:13:17","slug":"un-recorregut-per-lorigen-i-la-historia-de-larquitectura-hospitalaria","status":"publish","type":"post","link":"https:\/\/www.eneroarquitectura.com\/ca\/un-recorregut-per-lorigen-i-la-historia-de-larquitectura-hospitalaria\/","title":{"rendered":"Un recorregut per l&#8217;origen i la hist\u00f2ria de l&#8217;arquitectura hospitalaria"},"content":{"rendered":"<p>[vc_row][vc_column][vc_column_text]Avui et comptem sobre la traject\u00f2ria hist\u00f2rica de l&#8217;arquitectura hospital\u00e0ria. Al <a href=\"https:\/\/www.eneroarquitectura.com\/ca\/\">ENERO Arquitectura<\/a>, aquest tipus d&#8217;arquitectura \u00e9s el pilar dels nostres serveis. \u00c9s per aix\u00f2 que hem decidit documentar els seus inicis.<\/p>\n<p>Si t&#8217;interessa saber sobre els nostres projectes arquitect\u00f2nics, pots revisar els nostres projectes <a href=\"https:\/\/www.eneroarquitectura.com\/ca\/projectes\/\">d&#8217;arquitectura hospital\u00e0ria<\/a> en la nostra web<\/p>\n<p>&nbsp;<\/p>\n<h3>Recorregut hist\u00f2ric de l&#8217;arquitectura hospital\u00e0ria: Part 1<\/h3>\n<p>El recorregut per la hist\u00f2ria de l&#8217;arquitectura hospital\u00e0ria, no tan sols desvela l&#8217;evoluci\u00f3 tipol\u00f2gica de l&#8217;arquitectura dels establiments hospitalaris, sin\u00f3 que tamb\u00e9 mostra la transcend\u00e8ncia social, en les diferents cultures i des de diferents mirades, que aquests espais han tingut. Tot i que algunes vegades han estat vinculats amb l&#8217;espiritualitat i altres han estat m\u00e9s pr\u00f2xims a la ci\u00e8ncia, no hi ha dubte del seu paper en l&#8217;evoluci\u00f3 i transformaci\u00f3 de les nostres societats.<\/p>\n<p>Podrem comprovar com s&#8217;ha articulat la infraestructura hospital\u00e0ria en diferents punts del planeta i quins han estat els trets comuns a totes elles aix\u00ed com les seves principals difer\u00e8ncies. Vinculat en molts casos amb q\u00fcestions sociol\u00f2giques, com les explosions demogr\u00e0fiques, o fins i tot pol\u00edtiques, com la voluntat estrat\u00e8gica dels Reis Cat\u00f2lics, el projecte arquitect\u00f2nic d&#8217;un hospital \u00e9s un reflex del sentir d&#8217;una \u00e8poca.<\/p>\n<p>&nbsp;<\/p>\n<h3>Arquitectura hospital\u00e0ria a Egipte i Gr\u00e8cia<\/h3>\n<p>En aquesta primera part arrenquem a Egipte i la seva aproximaci\u00f3 religiosa a aquests proto-hospitals per a arribar als exemples m\u00e9s paradigm\u00e0tics del Renaixement de la m\u00e0 de figures tan rellevants per a la hist\u00f2ria de l&#8217;arquitectura com Filarete.<\/p>\n<p>A Egipte, al 3000 AC, van existir edificis dedicats a cura dels malalts. Encara que estaven associats a la religi\u00f3, per tant, no estaven vinculats amb el desenvolupament de la medicina, tal com l&#8217;entenem avui en dia, van ser rellevants i de fet es creu que un dels temples usats amb tals fins anomenat Temple de la deessa Neith va albergar la primera escola ginecol\u00f2gica a Alexandria. Gr\u00e0cies als nombrosos papirs sobre medicina que es conserven, com el London Medical, s&#8217;han pogut recollir dades importants com l&#8217;exist\u00e8ncia de les primeres dones metgesses rellevants: Merith Ptah i Pesehet.<\/p>\n<p>A la Gr\u00e8cia antiga els temples tamb\u00e9 albergaven certes pr\u00e0ctiques m\u00e8diques, com en el Ascepleion de Cos dedicat al d\u00e9u Asclepio de la medicina. L&#8217;edifici s&#8217;organitzava en dos nivells i s&#8217;envoltava d&#8217;una stoa.<\/p>\n<p>&nbsp;<\/p>\n<p>Es comencen a diferenciar tipologies d&#8217;hospitals a Bizanci, s.IV:<\/p>\n<p>\u25cf Xenodoquium (hostal) per a pelegrins<br \/>\n\u25cf Gerocomium (geri\u00e0tric) per a majors<br \/>\n\u25cf Nosocomium (hospital) per a malalts<br \/>\n\u25cf Orphanotropium (orfenat) per a nens<br \/>\n\u25cf Xenodochium pestiferorum (leproseria) per a malalts de plagues.<\/p>\n<p>&nbsp;<\/p>\n<p>Alguns exemples d&#8217;aquesta diversitat tipol\u00f2gica s\u00f3n: l&#8217;abadia Muntanya Cassino, It\u00e0lia (529), el Xenodoquio a M\u00e8rida (s.vi) i l&#8217;Hospital del Sant Esperit a Roma (s.VIII).<\/p>\n<p>&nbsp;<\/p>\n<div id=\"attachment_4753\" style=\"width: 829px\" class=\"wp-caption aligncenter\"><img loading=\"lazy\" decoding=\"async\" aria-describedby=\"caption-attachment-4753\" class=\"wp-image-4753 size-large\" src=\"https:\/\/www.eneroarquitectura.com\/wp-content\/uploads\/2022\/02\/jorge-fernandez-salas-Ov-AkjFBwvs-unsplash-819x1024.jpg\" alt=\"TEMPLO ASCEPLEION\" width=\"819\" height=\"1024\" srcset=\"https:\/\/www.eneroarquitectura.com\/wp-content\/uploads\/2022\/02\/jorge-fernandez-salas-Ov-AkjFBwvs-unsplash-819x1024.jpg 819w, https:\/\/www.eneroarquitectura.com\/wp-content\/uploads\/2022\/02\/jorge-fernandez-salas-Ov-AkjFBwvs-unsplash-240x300.jpg 240w, https:\/\/www.eneroarquitectura.com\/wp-content\/uploads\/2022\/02\/jorge-fernandez-salas-Ov-AkjFBwvs-unsplash-768x960.jpg 768w, https:\/\/www.eneroarquitectura.com\/wp-content\/uploads\/2022\/02\/jorge-fernandez-salas-Ov-AkjFBwvs-unsplash.jpg 1200w\" sizes=\"auto, (max-width: 819px) 100vw, 819px\" \/><p id=\"caption-attachment-4753\" class=\"wp-caption-text\">Fotograf\u00eda de Jorge Fern\u00e1ndez Salas en Unsplash<\/p><\/div>\n<p>&nbsp;<\/p>\n<h3>M\u00f3n isl\u00e0mic<\/h3>\n<p>Trobem en la hist\u00f2ria de l&#8217;arquitectura hospital\u00e0ria valuosos exemples del s.VIII des del m\u00f3n isl\u00e0mic, on la medicina va obtenir una gran rellev\u00e0ncia des del punt de vista cient\u00edfic.<\/p>\n<p>Aquests primers hospitals es denominaven Bimarist\u00e1n que prov\u00e9 del persa bim\u00e2r, malalt, i istan, lloc, casa o asil. Eren llocs laics i amb diferents especialitats. Destaquem la integraci\u00f3 de nous conceptes per a la cura com la m\u00fasica, la bellesa, les visites i els espais per als estudiants de pr\u00e0ctiques m\u00e8diques. A Espanya van existir molts exemples d&#8217;aquests hospitals; a C\u00f2rdova es van construir fins a 50 hospitals en l&#8217;\u00e8poca isl\u00e0mica.<\/p>\n<p>&nbsp;<\/p>\n<h3>Arquitectura hospital\u00e0ria despr\u00e9s del segle VII<\/h3>\n<p>El gran canvi en la hist\u00f2ria de l&#8217;arquitectura hospital\u00e0ria arriba a Europa entre el s. VII i el s. XII. El concepte d&#8217;hospital, tal com entenem avui dia, comen\u00e7a a sorgir des de la religi\u00f3. La seva aparici\u00f3 coincideix amb l&#8217;esclat d&#8217;una explosi\u00f3 demogr\u00e0fica en la primera meitat del s. XII. En aquest context hist\u00f2ric augmenta la concentraci\u00f3 de la pobresa en les primeres ciutats i sorgeix la necessitat d&#8217;acollir als malalts, origen de l&#8217;hospital actual.<\/p>\n<p>El concepte de cura i caritat d&#8217;alguns ordes religiosos \u00e9s determinant en l&#8217;escenari de l&#8217;aparici\u00f3 dels primers hospitals (Franciscans, Benedictins i Dominics). Les monges i serventes femenines eren les responsables dels centres: els pocs metges que treballaven ho feien com un acte caritatiu. L&#8217;aspecte cient\u00edfic de la medicina es deixa a un costat i els tractaments es basen a proporcionar descans, calor, higiene i l&#8217;aliment (no se subministraven medicines).<\/p>\n<p>El mobiliari era molt senzill: un llum i un llit, en general; catifes i cortines de manera excepcional. L&#8217;abadia de Sant Gal a Su\u00efssa (s. VII) il\u00b7lustra el model d&#8217;autosufici\u00e8ncia dels monestirs de la regla benedictina. Aquesta abadia inclou edificis com la infermeria, el jard\u00ed bot\u00e0nic o la sala de sagnies (potser un prototip de la sala quir\u00fargica).<\/p>\n<p>Altres exemples del moment s\u00f3n: l&#8217;abadia de Cluny (s. X) i l&#8217;hospital H\u00f4tel-Dieu a Par\u00eds (s. VII) que continua avui en funcionament.<\/p>\n<p>&nbsp;<\/p>\n<h3>Segles XI i XIII<\/h3>\n<p>Durant els segles XI i XIII, els hospitals estaven m\u00e9s enfocats a acollir persones desvalgudes que a malalts. Era una arquitectura molt tancada amb pavellons rectangulars en forma de nau. Els homes i les dones estaven separats. Els hospitals posse\u00efen dimensions variables i acollien a les persones que all\u00ed acudien, durant llargues estades. La capella era una pe\u00e7a important en la composici\u00f3 del conjunt, perqu\u00e8 se situava com a pe\u00e7a de remat de les naus.<\/p>\n<p>&nbsp;<\/p>\n<h3>Renaixement<\/h3>\n<p>Despr\u00e9s de la pesta negra que assola Europa en l&#8217;Edat mitjana entrem en el Renaixement i alguns canvis rellevants arriben a trav\u00e9s d&#8217;exemples d&#8217;hospitals italians.<\/p>\n<p>La concentraci\u00f3 demogr\u00e0fica en ciutats com Flor\u00e8ncia, Ven\u00e8cia, Mil\u00e0 o G\u00e8nova provoca la proliferaci\u00f3 dels centres hospitalaris del moment. A Flor\u00e8ncia entre els anys 1000 i 1500 es construeixen 58 hospitals, arribant a disposar de fins a 1 llit per 40 habitants. Els centres adquireixen un nou estatus i es converteixen en les institucions m\u00e9s riques de la ciutat. La grand\u00e0ria dels hospitals creix notablement com \u00e9s el cas de Sta. M. Nouva amb prop de 300 llits.<\/p>\n<p>L&#8217;arquitectura d&#8217;aquests edificis es basava en una planta cruciforme i l&#8217;altar era present i visible des de tots els llits, probablement \u00e9s l&#8217;origen del control d&#8217;observaci\u00f3 actual. El claustre comen\u00e7a a utilitzar-se pels malalts, mentre que anteriorment nom\u00e9s s&#8217;usava pels monjos. \u00c9s el primer pas, al fet, que els hospitals es vagin deslligant dels monestirs i quedant com a llocs per a l&#8217;\u00fas exclusiu del tractament de malalts.<\/p>\n<p>&nbsp;<\/p>\n<h3>Evoluci\u00f3 en l&#8217;arquitectura hospital\u00e0ria: Varietat de tipus d&#8217;hospitals<\/h3>\n<p>Durant el Renaixement conviuen diverses tipologies d&#8217;hospitals, no sols d&#8217;ordes religiosos: pobres, gremis, orfenats, pelegrins, etc. El seu personal comen\u00e7a a especialitzar-se: directors, administratius, clergues, jardiners, metges i infermeres.<\/p>\n<p>Un dels hospitals m\u00e9s importants del Renaixement \u00e9s Sta. Mar\u00eda della Scala, Siena (s. IX) i Sta. Mar\u00eda la Nova, Flor\u00e8ncia (s. XIII).<\/p>\n<p>A l&#8217;Hospital Spiritu Santo a Roma (s. XVI) observem tamb\u00e9 un tipus de planta basada en la creu, amb habitacions a banda i banda de cada bra\u00e7 i els claustres entre aquests.<\/p>\n<p>Filarete, gran te\u00f2ric i arquitecte del Renaixement, depura el model d&#8217;hospital reunint les caracter\u00edstiques en el Ospedale Maggiore de Mil\u00e0 (1456). El projecte conserva dues grans creus i l&#8217;altar desapareix del centre. Cada bra\u00e7 tenia una especialitat i estava en contacte amb l&#8217;exterior a trav\u00e9s dels claustres. L&#8217;esgl\u00e9sia apareix ja com un edifici extern a l&#8217;hospital: la part religiosa es comen\u00e7a a deslligar de la part assistencial. D&#8217;aquest hospital sorgeixen les plantes dels hospitals del s. XVI a Espanya que beuen de les fonts renaixentistes a trav\u00e9s de grans arquitectes italians i promocionades pels Reis Cat\u00f2lics. Enrique de Egas, i a vegades Alonso de Covarrubias construeixen diversos d&#8217;ells:<\/p>\n<p>\u2022 Sta. Cruz de Toledo (s. XVI),<br \/>\n\u2022 L&#8217;hospital Real de Granada (s. XVI)<br \/>\n\u2022 L&#8217;hospital Real de Santiago de Compostel\u00b7la (s. XVI).<\/p>\n<p>&nbsp;<\/p>\n<p>Extret de confer\u00e8ncia dictada per Francisco Ortega, Director General d\u2019Enero Arquitectura.[\/vc_column_text][\/vc_column][\/vc_row]<\/p>\n","protected":false},"excerpt":{"rendered":"<p>[vc_row][vc_column][vc_column_text]Avui et comptem sobre la traject\u00f2ria hist\u00f2rica de l&#8217;arquitectura hospital\u00e0ria. Al ENERO Arquitectura, aquest tipus d&#8217;arquitectura \u00e9s el pilar dels nostres serveis. \u00c9s per aix\u00f2 que hem decidit documentar els seus inicis. Si t&#8217;interessa saber sobre els nostres projectes arquitect\u00f2nics, [&hellip;]<\/p>\n","protected":false},"author":1,"featured_media":4760,"comment_status":"open","ping_status":"open","sticky":false,"template":"","format":"standard","meta":{"footnotes":""},"categories":[229],"tags":[],"class_list":["post-4755","post","type-post","status-publish","format-standard","has-post-thumbnail","hentry","category-arquitectura-hospitalaria"],"yoast_head":"<!-- This site is optimized with the Yoast SEO plugin v26.4 - https:\/\/yoast.com\/wordpress\/plugins\/seo\/ -->\n<title>Recorregut hist\u00f2ric de l&#039;arquitectura hospital\u00e0ria: Part 1<\/title>\n<meta name=\"description\" content=\"Revisa els antecedents de l&#039;arquitectura hospital\u00e0ria i la seva traject\u00f2ria hist\u00f2rica fins al que coneixem avui.\" \/>\n<meta name=\"robots\" content=\"index, follow, max-snippet:-1, max-image-preview:large, max-video-preview:-1\" \/>\n<link rel=\"canonical\" href=\"https:\/\/www.eneroarquitectura.com\/ca\/un-recorregut-per-lorigen-i-la-historia-de-larquitectura-hospitalaria\/\" \/>\n<meta property=\"og:locale\" content=\"ca_ES\" \/>\n<meta property=\"og:type\" content=\"article\" \/>\n<meta property=\"og:title\" content=\"Recorregut hist\u00f2ric de l&#039;arquitectura hospital\u00e0ria: Part 1\" \/>\n<meta property=\"og:description\" content=\"Revisa els antecedents de l&#039;arquitectura hospital\u00e0ria i la seva traject\u00f2ria hist\u00f2rica fins al que coneixem avui.\" \/>\n<meta property=\"og:url\" content=\"https:\/\/www.eneroarquitectura.com\/ca\/un-recorregut-per-lorigen-i-la-historia-de-larquitectura-hospitalaria\/\" \/>\n<meta property=\"og:site_name\" content=\"Enero Arquitectura\" \/>\n<meta property=\"article:publisher\" content=\"https:\/\/es-es.facebook.com\/eneroarquitectura\/\" \/>\n<meta property=\"article:published_time\" content=\"2022-03-02T09:36:39+00:00\" \/>\n<meta property=\"article:modified_time\" content=\"2022-03-08T11:13:17+00:00\" \/>\n<meta property=\"og:image\" content=\"https:\/\/www.eneroarquitectura.com\/wp-content\/uploads\/2022\/03\/jorge-fernandez-salas-Ov-AkjFBwvs-unsplash.jpeg\" \/>\n\t<meta property=\"og:image:width\" content=\"1193\" \/>\n\t<meta property=\"og:image:height\" content=\"670\" \/>\n\t<meta property=\"og:image:type\" content=\"image\/jpeg\" \/>\n<meta name=\"author\" content=\"admin_ENERO\" \/>\n<meta name=\"twitter:card\" content=\"summary_large_image\" \/>\n<meta name=\"twitter:creator\" content=\"@admin_enero\" \/>\n<meta name=\"twitter:site\" content=\"@eneroarq\" \/>\n<meta name=\"twitter:label1\" content=\"Escrit per\" \/>\n\t<meta name=\"twitter:data1\" content=\"admin_ENERO\" \/>\n\t<meta name=\"twitter:label2\" content=\"Temps estimat de lectura\" \/>\n\t<meta name=\"twitter:data2\" content=\"7 minuts\" \/>\n<script type=\"application\/ld+json\" class=\"yoast-schema-graph\">{\"@context\":\"https:\/\/schema.org\",\"@graph\":[{\"@type\":\"Article\",\"@id\":\"https:\/\/www.eneroarquitectura.com\/ca\/un-recorregut-per-lorigen-i-la-historia-de-larquitectura-hospitalaria\/#article\",\"isPartOf\":{\"@id\":\"https:\/\/www.eneroarquitectura.com\/ca\/un-recorregut-per-lorigen-i-la-historia-de-larquitectura-hospitalaria\/\"},\"author\":{\"name\":\"admin_ENERO\",\"@id\":\"https:\/\/www.eneroarquitectura.com\/#\/schema\/person\/ed71fc964241a3bdef30907c52c57de5\"},\"headline\":\"Un recorregut per l&#8217;origen i la hist\u00f2ria de l&#8217;arquitectura hospitalaria\",\"datePublished\":\"2022-03-02T09:36:39+00:00\",\"dateModified\":\"2022-03-08T11:13:17+00:00\",\"mainEntityOfPage\":{\"@id\":\"https:\/\/www.eneroarquitectura.com\/ca\/un-recorregut-per-lorigen-i-la-historia-de-larquitectura-hospitalaria\/\"},\"wordCount\":1463,\"commentCount\":0,\"publisher\":{\"@id\":\"https:\/\/www.eneroarquitectura.com\/#organization\"},\"image\":{\"@id\":\"https:\/\/www.eneroarquitectura.com\/ca\/un-recorregut-per-lorigen-i-la-historia-de-larquitectura-hospitalaria\/#primaryimage\"},\"thumbnailUrl\":\"https:\/\/www.eneroarquitectura.com\/wp-content\/uploads\/2022\/03\/jorge-fernandez-salas-Ov-AkjFBwvs-unsplash.jpeg\",\"articleSection\":[\"Arquitectura hospital\u00e0ria\"],\"inLanguage\":\"ca\",\"potentialAction\":[{\"@type\":\"CommentAction\",\"name\":\"Comment\",\"target\":[\"https:\/\/www.eneroarquitectura.com\/ca\/un-recorregut-per-lorigen-i-la-historia-de-larquitectura-hospitalaria\/#respond\"]}]},{\"@type\":\"WebPage\",\"@id\":\"https:\/\/www.eneroarquitectura.com\/ca\/un-recorregut-per-lorigen-i-la-historia-de-larquitectura-hospitalaria\/\",\"url\":\"https:\/\/www.eneroarquitectura.com\/ca\/un-recorregut-per-lorigen-i-la-historia-de-larquitectura-hospitalaria\/\",\"name\":\"Recorregut hist\u00f2ric de l'arquitectura hospital\u00e0ria: Part 1\",\"isPartOf\":{\"@id\":\"https:\/\/www.eneroarquitectura.com\/#website\"},\"primaryImageOfPage\":{\"@id\":\"https:\/\/www.eneroarquitectura.com\/ca\/un-recorregut-per-lorigen-i-la-historia-de-larquitectura-hospitalaria\/#primaryimage\"},\"image\":{\"@id\":\"https:\/\/www.eneroarquitectura.com\/ca\/un-recorregut-per-lorigen-i-la-historia-de-larquitectura-hospitalaria\/#primaryimage\"},\"thumbnailUrl\":\"https:\/\/www.eneroarquitectura.com\/wp-content\/uploads\/2022\/03\/jorge-fernandez-salas-Ov-AkjFBwvs-unsplash.jpeg\",\"datePublished\":\"2022-03-02T09:36:39+00:00\",\"dateModified\":\"2022-03-08T11:13:17+00:00\",\"description\":\"Revisa els antecedents de l'arquitectura hospital\u00e0ria i la seva traject\u00f2ria hist\u00f2rica fins al que coneixem avui.\",\"breadcrumb\":{\"@id\":\"https:\/\/www.eneroarquitectura.com\/ca\/un-recorregut-per-lorigen-i-la-historia-de-larquitectura-hospitalaria\/#breadcrumb\"},\"inLanguage\":\"ca\",\"potentialAction\":[{\"@type\":\"ReadAction\",\"target\":[\"https:\/\/www.eneroarquitectura.com\/ca\/un-recorregut-per-lorigen-i-la-historia-de-larquitectura-hospitalaria\/\"]}]},{\"@type\":\"ImageObject\",\"inLanguage\":\"ca\",\"@id\":\"https:\/\/www.eneroarquitectura.com\/ca\/un-recorregut-per-lorigen-i-la-historia-de-larquitectura-hospitalaria\/#primaryimage\",\"url\":\"https:\/\/www.eneroarquitectura.com\/wp-content\/uploads\/2022\/03\/jorge-fernandez-salas-Ov-AkjFBwvs-unsplash.jpeg\",\"contentUrl\":\"https:\/\/www.eneroarquitectura.com\/wp-content\/uploads\/2022\/03\/jorge-fernandez-salas-Ov-AkjFBwvs-unsplash.jpeg\",\"width\":1193,\"height\":670},{\"@type\":\"BreadcrumbList\",\"@id\":\"https:\/\/www.eneroarquitectura.com\/ca\/un-recorregut-per-lorigen-i-la-historia-de-larquitectura-hospitalaria\/#breadcrumb\",\"itemListElement\":[{\"@type\":\"ListItem\",\"position\":1,\"name\":\"Portada\",\"item\":\"https:\/\/www.eneroarquitectura.com\/ca\/\"},{\"@type\":\"ListItem\",\"position\":2,\"name\":\"false\"}]},{\"@type\":\"WebSite\",\"@id\":\"https:\/\/www.eneroarquitectura.com\/#website\",\"url\":\"https:\/\/www.eneroarquitectura.com\/\",\"name\":\"Enero Arquitectura\",\"description\":\"Estudio de arquitectura, referente de la arquitectura hospitalaria en Espa\u00f1a, con m\u00e1s de 2.000.000 m2 de proyectos realizados.\",\"publisher\":{\"@id\":\"https:\/\/www.eneroarquitectura.com\/#organization\"},\"potentialAction\":[{\"@type\":\"SearchAction\",\"target\":{\"@type\":\"EntryPoint\",\"urlTemplate\":\"https:\/\/www.eneroarquitectura.com\/?s={search_term_string}\"},\"query-input\":{\"@type\":\"PropertyValueSpecification\",\"valueRequired\":true,\"valueName\":\"search_term_string\"}}],\"inLanguage\":\"ca\"},{\"@type\":\"Organization\",\"@id\":\"https:\/\/www.eneroarquitectura.com\/#organization\",\"name\":\"ENERO ARQUITECTURA SLP\",\"url\":\"https:\/\/www.eneroarquitectura.com\/\",\"logo\":{\"@type\":\"ImageObject\",\"inLanguage\":\"ca\",\"@id\":\"https:\/\/www.eneroarquitectura.com\/#\/schema\/logo\/image\/\",\"url\":\"https:\/\/www.eneroarquitectura.com\/wp-content\/uploads\/2021\/12\/LOGO-ENERO2.png\",\"contentUrl\":\"https:\/\/www.eneroarquitectura.com\/wp-content\/uploads\/2021\/12\/LOGO-ENERO2.png\",\"width\":2382,\"height\":365,\"caption\":\"ENERO ARQUITECTURA SLP\"},\"image\":{\"@id\":\"https:\/\/www.eneroarquitectura.com\/#\/schema\/logo\/image\/\"},\"sameAs\":[\"https:\/\/es-es.facebook.com\/eneroarquitectura\/\",\"https:\/\/x.com\/eneroarq\",\"https:\/\/www.instagram.com\/eneroarquitectura\/?hl=es\",\"https:\/\/es.linkedin.com\/company\/eneroarquitectura\",\"https:\/\/www.pinterest.es\/eneroarq\/\",\"https:\/\/www.youtube.com\/channel\/UClpI42aeTDSRoK9Ldx8cACw\"]},{\"@type\":\"Person\",\"@id\":\"https:\/\/www.eneroarquitectura.com\/#\/schema\/person\/ed71fc964241a3bdef30907c52c57de5\",\"name\":\"admin_ENERO\",\"image\":{\"@type\":\"ImageObject\",\"inLanguage\":\"ca\",\"@id\":\"https:\/\/www.eneroarquitectura.com\/#\/schema\/person\/image\/\",\"url\":\"https:\/\/secure.gravatar.com\/avatar\/8bca979d5344ed51c80b9b3cc530c6df1f44cbb592131e08468087b4b7eb68ca?s=96&d=mm&r=g\",\"contentUrl\":\"https:\/\/secure.gravatar.com\/avatar\/8bca979d5344ed51c80b9b3cc530c6df1f44cbb592131e08468087b4b7eb68ca?s=96&d=mm&r=g\",\"caption\":\"admin_ENERO\"},\"sameAs\":[\"https:\/\/x.com\/admin_enero\"],\"url\":\"https:\/\/www.eneroarquitectura.com\/ca\/author\/admin_enero\/\"}]}<\/script>\n<!-- \/ Yoast SEO plugin. -->","yoast_head_json":{"title":"Recorregut hist\u00f2ric de l'arquitectura hospital\u00e0ria: Part 1","description":"Revisa els antecedents de l'arquitectura hospital\u00e0ria i la seva traject\u00f2ria hist\u00f2rica fins al que coneixem avui.","robots":{"index":"index","follow":"follow","max-snippet":"max-snippet:-1","max-image-preview":"max-image-preview:large","max-video-preview":"max-video-preview:-1"},"canonical":"https:\/\/www.eneroarquitectura.com\/ca\/un-recorregut-per-lorigen-i-la-historia-de-larquitectura-hospitalaria\/","og_locale":"ca_ES","og_type":"article","og_title":"Recorregut hist\u00f2ric de l'arquitectura hospital\u00e0ria: Part 1","og_description":"Revisa els antecedents de l'arquitectura hospital\u00e0ria i la seva traject\u00f2ria hist\u00f2rica fins al que coneixem avui.","og_url":"https:\/\/www.eneroarquitectura.com\/ca\/un-recorregut-per-lorigen-i-la-historia-de-larquitectura-hospitalaria\/","og_site_name":"Enero Arquitectura","article_publisher":"https:\/\/es-es.facebook.com\/eneroarquitectura\/","article_published_time":"2022-03-02T09:36:39+00:00","article_modified_time":"2022-03-08T11:13:17+00:00","og_image":[{"width":1193,"height":670,"url":"https:\/\/www.eneroarquitectura.com\/wp-content\/uploads\/2022\/03\/jorge-fernandez-salas-Ov-AkjFBwvs-unsplash.jpeg","type":"image\/jpeg"}],"author":"admin_ENERO","twitter_card":"summary_large_image","twitter_creator":"@admin_enero","twitter_site":"@eneroarq","twitter_misc":{"Escrit per":"admin_ENERO","Temps estimat de lectura":"7 minuts"},"schema":{"@context":"https:\/\/schema.org","@graph":[{"@type":"Article","@id":"https:\/\/www.eneroarquitectura.com\/ca\/un-recorregut-per-lorigen-i-la-historia-de-larquitectura-hospitalaria\/#article","isPartOf":{"@id":"https:\/\/www.eneroarquitectura.com\/ca\/un-recorregut-per-lorigen-i-la-historia-de-larquitectura-hospitalaria\/"},"author":{"name":"admin_ENERO","@id":"https:\/\/www.eneroarquitectura.com\/#\/schema\/person\/ed71fc964241a3bdef30907c52c57de5"},"headline":"Un recorregut per l&#8217;origen i la hist\u00f2ria de l&#8217;arquitectura hospitalaria","datePublished":"2022-03-02T09:36:39+00:00","dateModified":"2022-03-08T11:13:17+00:00","mainEntityOfPage":{"@id":"https:\/\/www.eneroarquitectura.com\/ca\/un-recorregut-per-lorigen-i-la-historia-de-larquitectura-hospitalaria\/"},"wordCount":1463,"commentCount":0,"publisher":{"@id":"https:\/\/www.eneroarquitectura.com\/#organization"},"image":{"@id":"https:\/\/www.eneroarquitectura.com\/ca\/un-recorregut-per-lorigen-i-la-historia-de-larquitectura-hospitalaria\/#primaryimage"},"thumbnailUrl":"https:\/\/www.eneroarquitectura.com\/wp-content\/uploads\/2022\/03\/jorge-fernandez-salas-Ov-AkjFBwvs-unsplash.jpeg","articleSection":["Arquitectura hospital\u00e0ria"],"inLanguage":"ca","potentialAction":[{"@type":"CommentAction","name":"Comment","target":["https:\/\/www.eneroarquitectura.com\/ca\/un-recorregut-per-lorigen-i-la-historia-de-larquitectura-hospitalaria\/#respond"]}]},{"@type":"WebPage","@id":"https:\/\/www.eneroarquitectura.com\/ca\/un-recorregut-per-lorigen-i-la-historia-de-larquitectura-hospitalaria\/","url":"https:\/\/www.eneroarquitectura.com\/ca\/un-recorregut-per-lorigen-i-la-historia-de-larquitectura-hospitalaria\/","name":"Recorregut hist\u00f2ric de l'arquitectura hospital\u00e0ria: Part 1","isPartOf":{"@id":"https:\/\/www.eneroarquitectura.com\/#website"},"primaryImageOfPage":{"@id":"https:\/\/www.eneroarquitectura.com\/ca\/un-recorregut-per-lorigen-i-la-historia-de-larquitectura-hospitalaria\/#primaryimage"},"image":{"@id":"https:\/\/www.eneroarquitectura.com\/ca\/un-recorregut-per-lorigen-i-la-historia-de-larquitectura-hospitalaria\/#primaryimage"},"thumbnailUrl":"https:\/\/www.eneroarquitectura.com\/wp-content\/uploads\/2022\/03\/jorge-fernandez-salas-Ov-AkjFBwvs-unsplash.jpeg","datePublished":"2022-03-02T09:36:39+00:00","dateModified":"2022-03-08T11:13:17+00:00","description":"Revisa els antecedents de l'arquitectura hospital\u00e0ria i la seva traject\u00f2ria hist\u00f2rica fins al que coneixem avui.","breadcrumb":{"@id":"https:\/\/www.eneroarquitectura.com\/ca\/un-recorregut-per-lorigen-i-la-historia-de-larquitectura-hospitalaria\/#breadcrumb"},"inLanguage":"ca","potentialAction":[{"@type":"ReadAction","target":["https:\/\/www.eneroarquitectura.com\/ca\/un-recorregut-per-lorigen-i-la-historia-de-larquitectura-hospitalaria\/"]}]},{"@type":"ImageObject","inLanguage":"ca","@id":"https:\/\/www.eneroarquitectura.com\/ca\/un-recorregut-per-lorigen-i-la-historia-de-larquitectura-hospitalaria\/#primaryimage","url":"https:\/\/www.eneroarquitectura.com\/wp-content\/uploads\/2022\/03\/jorge-fernandez-salas-Ov-AkjFBwvs-unsplash.jpeg","contentUrl":"https:\/\/www.eneroarquitectura.com\/wp-content\/uploads\/2022\/03\/jorge-fernandez-salas-Ov-AkjFBwvs-unsplash.jpeg","width":1193,"height":670},{"@type":"BreadcrumbList","@id":"https:\/\/www.eneroarquitectura.com\/ca\/un-recorregut-per-lorigen-i-la-historia-de-larquitectura-hospitalaria\/#breadcrumb","itemListElement":[{"@type":"ListItem","position":1,"name":"Portada","item":"https:\/\/www.eneroarquitectura.com\/ca\/"},{"@type":"ListItem","position":2,"name":"false"}]},{"@type":"WebSite","@id":"https:\/\/www.eneroarquitectura.com\/#website","url":"https:\/\/www.eneroarquitectura.com\/","name":"Enero Arquitectura","description":"Estudio de arquitectura, referente de la arquitectura hospitalaria en Espa\u00f1a, con m\u00e1s de 2.000.000 m2 de proyectos realizados.","publisher":{"@id":"https:\/\/www.eneroarquitectura.com\/#organization"},"potentialAction":[{"@type":"SearchAction","target":{"@type":"EntryPoint","urlTemplate":"https:\/\/www.eneroarquitectura.com\/?s={search_term_string}"},"query-input":{"@type":"PropertyValueSpecification","valueRequired":true,"valueName":"search_term_string"}}],"inLanguage":"ca"},{"@type":"Organization","@id":"https:\/\/www.eneroarquitectura.com\/#organization","name":"ENERO ARQUITECTURA SLP","url":"https:\/\/www.eneroarquitectura.com\/","logo":{"@type":"ImageObject","inLanguage":"ca","@id":"https:\/\/www.eneroarquitectura.com\/#\/schema\/logo\/image\/","url":"https:\/\/www.eneroarquitectura.com\/wp-content\/uploads\/2021\/12\/LOGO-ENERO2.png","contentUrl":"https:\/\/www.eneroarquitectura.com\/wp-content\/uploads\/2021\/12\/LOGO-ENERO2.png","width":2382,"height":365,"caption":"ENERO ARQUITECTURA SLP"},"image":{"@id":"https:\/\/www.eneroarquitectura.com\/#\/schema\/logo\/image\/"},"sameAs":["https:\/\/es-es.facebook.com\/eneroarquitectura\/","https:\/\/x.com\/eneroarq","https:\/\/www.instagram.com\/eneroarquitectura\/?hl=es","https:\/\/es.linkedin.com\/company\/eneroarquitectura","https:\/\/www.pinterest.es\/eneroarq\/","https:\/\/www.youtube.com\/channel\/UClpI42aeTDSRoK9Ldx8cACw"]},{"@type":"Person","@id":"https:\/\/www.eneroarquitectura.com\/#\/schema\/person\/ed71fc964241a3bdef30907c52c57de5","name":"admin_ENERO","image":{"@type":"ImageObject","inLanguage":"ca","@id":"https:\/\/www.eneroarquitectura.com\/#\/schema\/person\/image\/","url":"https:\/\/secure.gravatar.com\/avatar\/8bca979d5344ed51c80b9b3cc530c6df1f44cbb592131e08468087b4b7eb68ca?s=96&d=mm&r=g","contentUrl":"https:\/\/secure.gravatar.com\/avatar\/8bca979d5344ed51c80b9b3cc530c6df1f44cbb592131e08468087b4b7eb68ca?s=96&d=mm&r=g","caption":"admin_ENERO"},"sameAs":["https:\/\/x.com\/admin_enero"],"url":"https:\/\/www.eneroarquitectura.com\/ca\/author\/admin_enero\/"}]}},"_links":{"self":[{"href":"https:\/\/www.eneroarquitectura.com\/ca\/wp-json\/wp\/v2\/posts\/4755","targetHints":{"allow":["GET"]}}],"collection":[{"href":"https:\/\/www.eneroarquitectura.com\/ca\/wp-json\/wp\/v2\/posts"}],"about":[{"href":"https:\/\/www.eneroarquitectura.com\/ca\/wp-json\/wp\/v2\/types\/post"}],"author":[{"embeddable":true,"href":"https:\/\/www.eneroarquitectura.com\/ca\/wp-json\/wp\/v2\/users\/1"}],"replies":[{"embeddable":true,"href":"https:\/\/www.eneroarquitectura.com\/ca\/wp-json\/wp\/v2\/comments?post=4755"}],"version-history":[{"count":6,"href":"https:\/\/www.eneroarquitectura.com\/ca\/wp-json\/wp\/v2\/posts\/4755\/revisions"}],"predecessor-version":[{"id":4807,"href":"https:\/\/www.eneroarquitectura.com\/ca\/wp-json\/wp\/v2\/posts\/4755\/revisions\/4807"}],"wp:featuredmedia":[{"embeddable":true,"href":"https:\/\/www.eneroarquitectura.com\/ca\/wp-json\/wp\/v2\/media\/4760"}],"wp:attachment":[{"href":"https:\/\/www.eneroarquitectura.com\/ca\/wp-json\/wp\/v2\/media?parent=4755"}],"wp:term":[{"taxonomy":"category","embeddable":true,"href":"https:\/\/www.eneroarquitectura.com\/ca\/wp-json\/wp\/v2\/categories?post=4755"},{"taxonomy":"post_tag","embeddable":true,"href":"https:\/\/www.eneroarquitectura.com\/ca\/wp-json\/wp\/v2\/tags?post=4755"}],"curies":[{"name":"wp","href":"https:\/\/api.w.org\/{rel}","templated":true}]}}