{"id":4790,"date":"2022-03-08T08:33:50","date_gmt":"2022-03-08T08:33:50","guid":{"rendered":"https:\/\/www.eneroarquitectura.com\/?p=4790"},"modified":"2022-03-08T08:38:56","modified_gmt":"2022-03-08T08:38:56","slug":"dones-a-enero-creuament-didees-i-experiencies-des-de-larquitectura","status":"publish","type":"post","link":"https:\/\/www.eneroarquitectura.com\/ca\/dones-a-enero-creuament-didees-i-experiencies-des-de-larquitectura\/","title":{"rendered":"Dones a ENERO: creuament d&#8217;idees i experi\u00e8ncies des de l&#8217;arquitectura"},"content":{"rendered":"<p>[vc_row][vc_column][vc_column_text]Per a celebrar el Dia de la Dona 2022, les dones de l&#8217;estudi <a href=\"https:\/\/www.eneroarquitectura.com\/ca\/\">ENERO Arquitectura<\/a> es reuneixen en una conversa entre companyes recordant i compartint opinions sobre el moment que viu el sector de l&#8217;arquitectura i el rol de la dona en aquest \u00e0mbit.<\/p>\n<p>&nbsp;<\/p>\n<p>Aquesta commemoraci\u00f3 sempre \u00e9s una bona ocasi\u00f3 per a compartir idees i experi\u00e8ncies sobre la dona i l&#8217;arquitectura. ENERO Arquitectura exemplifica l&#8217;evoluci\u00f3 en la configuraci\u00f3 d&#8217;un estudi d&#8217;arquitectura: \u00e9s un reflex de l&#8217;evoluci\u00f3 del m\u00f3n de l&#8217;arquitectura en el cam\u00ed per la igualtat de g\u00e8nere en el sector.<\/p>\n<p>&nbsp;<\/p>\n<p>Els rols i recorreguts de les dones de l&#8217;estudi s\u00f3n diversos des d&#8217;arquitectes, enginyeres de l&#8217;edificaci\u00f3 fins a responsables de desenvolupament de negoci. L&#8217;encreuament de diferents generacions de dones en l&#8217;estudi enriqueix la visi\u00f3 general de la dona i l&#8217;arquitectura.<\/p>\n<p>&nbsp;<\/p>\n<p>\u201cEn l&#8217;estudi som dones amb diferents rols i recorreguts el que aporta una visi\u00f3 \u00e0mplia del que \u00e9s i pot arribar a ser un estudi d&#8217;arquitectura on ha predominat hist\u00f2ricament la figura masculina.\u201d comenta Fabiana\u00a0Ceide, responsable de\u00a0Business\u00a0Development\u00a0i Comunicaci\u00f3.<\/p>\n<p>&nbsp;<\/p>\n<h3>La dona en l&#8217;arquitectura i els seus rols directius<\/h3>\n<p>Cada vegada treballen m\u00e9s dones com a arquitectes, no obstant aix\u00f2, en el sector, els rols directius femenins continuen sent minoritaris respecte als masculins. Tal com apunta Fabiana, \u00e9s una bretxa encara visible des de la universitat: \u201ccontinua sent dif\u00edcil trobar a dones amb llocs directius en l&#8217;\u00e0mbit acad\u00e8mic i aix\u00f2 salta directament a l&#8217;\u00e0mbit professional\u201d.<\/p>\n<p>L&#8217;arquitecta Lluc G\u00f3mez dirigeix un equip de dones en l&#8217;estudi a c\u00e0rrec de projectes com l&#8217;hospital de Badalona. El seu lideratge femen\u00ed es viu amb naturalitat des de dins d\u2019ENERO.<\/p>\n<p>&nbsp;<\/p>\n<p>No obstant aix\u00f2, tal com comenta Lluc, l&#8217;entorn en el qual es percep m\u00e9s discriminaci\u00f3 \u00e9s en l&#8217;obra, en el terreny de l&#8217;execuci\u00f3 dels projectes. All\u00ed encara queda molt cam\u00ed per rec\u00f3rrer i \u00e9s on el lideratge femen\u00ed resulta m\u00e9s dif\u00edcil d&#8217;exercir: \u201cEls caps d&#8217;obra i oficis s\u00f3n en la seva immensa majoria homes i en el m\u00f3n de la construcci\u00f3 \u00e9s dif\u00edcil encaixar la direcci\u00f3 femenina encara que comencem a sentir que avancem tamb\u00e9 all\u00ed amb la integraci\u00f3 d&#8217;algunes dones en certs oficis\u201d.<\/p>\n<p>&nbsp;<\/p>\n<p>L&#8217;arquitecta Ana Armero recorda que les difer\u00e8ncies entre homes i dones s&#8217;intensifiquen davant l&#8217;elecci\u00f3 de la maternitat. Continua sent un punt d&#8217;inflexi\u00f3 en la carrera professional, no sols en l&#8217;\u00e0mbit de l&#8217;arquitectura: encara \u00e9s un escenari generalitzat en totes la professions.<\/p>\n<p>Una pregunta recurrent quan plantegem les difer\u00e8ncies en aquest \u00e0mbit sol ser: les dones tenen una forma diferent de fer arquitectura que els homes? I m\u00e9s concretament en els projectes d&#8217;arquitectura hospital\u00e0ria, les dones arquitectes poden plantejar els reptes de projecte de manera diferent?<\/p>\n<p>&nbsp;<\/p>\n<p>L&#8217;equip de dones d\u2019ENERO comparteix una idea clara: no existeix una forma femenina o masculina de projectar, existeixen sensibilitats, comprom\u00eds i responsabilitat amb la professi\u00f3.<\/p>\n<h3>Figures femenines que inspiren al sector<\/h3>\n<p>En el recorregut de les dones en l&#8217;\u00e0mbit de l&#8217;arquitectura cada vegada es visibilitza m\u00e9s el treball d&#8217;arquitectes, hist\u00f2riques i actuals. En els \u00faltims anys hem assistit a la recuperaci\u00f3 d&#8217;algunes figures femenines hist\u00f2riques i cada vegada trobem m\u00e9s exposicions i publicacions sobre el treball de dones arquitectes.<\/p>\n<p>&nbsp;<\/p>\n<p>L&#8217;equip de dones d\u2019ENERO recorda algunes figures femenines que serveixen d&#8217;inspiraci\u00f3 i refer\u00e8ncia per al treball diari. La sensibilitat hol\u00edstica d&#8217;Anna\u00a0Heringer\u00a0\u00e9s un clar exemple de foment de l&#8217;equilibri ecol\u00f2gic en projectes realitzats en l&#8217;actualitat, aplicables als \u00e0mbits de la salut o l&#8217;educaci\u00f3.<\/p>\n<p>&nbsp;<\/p>\n<p>Arquitectes com Lina\u00a0Bo\u00a0Bardi\u00a0han demostrat que la dona t\u00e9 un rol clau en l&#8217;\u00e0mbit i que pot influir a diverses generacions amb aportacions exactament igual de valuoses que els seus col\u00b7legues arquitectes.<\/p>\n<p>&nbsp;<\/p>\n<p>A m\u00e9s el propi perfil del professional de l&#8217;arquitectura s&#8217;ha transformat profundament en els \u00faltims anys. L&#8217;arquitecta Laura\u00a0Casta\u00f1o\u00a0comenta: la manera de fer arquitectura dels col\u00b7lectius \u00e9s moltes vegades m\u00e9s interessant que la figura d&#8217;arquitectes del\u00a0star\u00a0system: aporten visions plurals a les f\u00f3rmules cl\u00e0ssiques d&#8217;entendre l&#8217;arquitectura.<\/p>\n<p>&nbsp;<\/p>\n<p>Sofia\u00a0Aceituno\u00a0recorda les aportacions clau per a l&#8217;arquitectura contempor\u00e0nia de figures com\u00a0Kazuyo\u00a0Sejima\u00a0des del Jap\u00f3 com a inspiraci\u00f3. Per a\u00a0Sira\u00a0Rivero l&#8217;arquitecta Carme\u00a0Pigem, de l&#8217;estudi\u00a0RCR\u00a0\u00e9s un exemple d&#8217;humilitat enfront dels reptes actuals de l&#8217;arquitectura. A l&#8217;hora de triar projectes paradigm\u00e0tics\u00a0Sira\u00a0recorda la\u00a0sensorialitat\u00a0de les Termes de Vals de Peter\u00a0Zumthor.<\/p>\n<p>&nbsp;<\/p>\n<p>En un recorregut per algunes de les obres que les dones de l&#8217;estudi haguessin volgut signar trobem edificis com la Torre\u00a0Castelar\u00a0de Rafael de la Hoz que per a Lluc G\u00f3mez \u00e9s una soluci\u00f3 constructiva revolucion\u00e0ria: \u201c\u00c9s com un fanal de llum amb una estructura penjada. A m\u00e9s el vidre de la fa\u00e7ana \u00e9s estructural.\u201d<\/p>\n<h3>Veus femenines A ENERO<\/h3>\n<p>&nbsp;<\/p>\n<p>L&#8217;equip de dones de l&#8217;estudi comparteix l&#8217;afecte a projectes especials dins del recorregut propi d\u2019ENERO Arquitectura. Mar\u00eda Sierra, responsable d&#8217;Administraci\u00f3 i de Qualitat i Medi ambient recorda especialment l&#8217;Hospital de C\u00f2rdova, un projecte guardonat internacionalment i amb el qual l&#8217;estudi va afermar el seu llenguatge propi en l&#8217;\u00e0mbit hospitalari.<\/p>\n<p>Si hagu\u00e9ssim de ressaltar una visi\u00f3 comuna sobre el futur de l&#8217;arquitectura, i concretament de la construcci\u00f3 d&#8217;establiments hospitalaris, les dones de l&#8217;estudi coincideixen en la import\u00e0ncia de la humanitzaci\u00f3 del sector hospitalari, \u00e0mbit en el qual ENERO est\u00e0 consolidat i des del qual diverses veus femenines aporten la seva visi\u00f3 i treball cada dia[\/vc_column_text][\/vc_column][\/vc_row]<\/p>\n","protected":false},"excerpt":{"rendered":"<p>En commemoraci\u00f3 al Dia de la Dona, les veus femenines de ENERO es reuneixen per a conversar sobre el rol de la dona en l&#8217;arquitectura<\/p>\n","protected":false},"author":1,"featured_media":4788,"comment_status":"open","ping_status":"open","sticky":false,"template":"","format":"standard","meta":{"footnotes":""},"categories":[243],"tags":[],"class_list":["post-4790","post","type-post","status-publish","format-standard","has-post-thumbnail","hentry","category-arquitectura-ca"],"yoast_head":"<!-- This site is optimized with the Yoast SEO plugin v26.4 - https:\/\/yoast.com\/wordpress\/plugins\/seo\/ -->\n<title>Dones a ENERO: creuament d&#039;idees i experi\u00e8ncies des de l&#039;arquitectura | Enero Arquitectura | Arquitectura hospitalaria<\/title>\n<meta name=\"description\" content=\"En commemoraci\u00f3 al Dia de la Dona, les veus femenines de ENERO es reuneixen per a conversar sobre el rol de la dona en l&#039;arquitectura\" \/>\n<meta name=\"robots\" content=\"index, follow, max-snippet:-1, max-image-preview:large, max-video-preview:-1\" \/>\n<link rel=\"canonical\" href=\"https:\/\/www.eneroarquitectura.com\/ca\/dones-a-enero-creuament-didees-i-experiencies-des-de-larquitectura\/\" \/>\n<meta property=\"og:locale\" content=\"ca_ES\" \/>\n<meta property=\"og:type\" content=\"article\" \/>\n<meta property=\"og:title\" content=\"Dones a ENERO: creuament d&#039;idees i experi\u00e8ncies des de l&#039;arquitectura | Enero Arquitectura | Arquitectura hospitalaria\" \/>\n<meta property=\"og:description\" content=\"En commemoraci\u00f3 al Dia de la Dona, les veus femenines de ENERO es reuneixen per a conversar sobre el rol de la dona en l&#039;arquitectura\" \/>\n<meta property=\"og:url\" content=\"https:\/\/www.eneroarquitectura.com\/ca\/dones-a-enero-creuament-didees-i-experiencies-des-de-larquitectura\/\" \/>\n<meta property=\"og:site_name\" content=\"Enero Arquitectura\" \/>\n<meta property=\"article:publisher\" content=\"https:\/\/es-es.facebook.com\/eneroarquitectura\/\" \/>\n<meta property=\"article:published_time\" content=\"2022-03-08T08:33:50+00:00\" \/>\n<meta property=\"article:modified_time\" content=\"2022-03-08T08:38:56+00:00\" \/>\n<meta property=\"og:image\" content=\"https:\/\/www.eneroarquitectura.com\/wp-content\/uploads\/2022\/03\/blog-ENERO-ARQUITECTURA.jpg\" \/>\n\t<meta property=\"og:image:width\" content=\"1280\" \/>\n\t<meta property=\"og:image:height\" content=\"836\" \/>\n\t<meta property=\"og:image:type\" content=\"image\/jpeg\" \/>\n<meta name=\"author\" content=\"admin_ENERO\" \/>\n<meta name=\"twitter:card\" content=\"summary_large_image\" \/>\n<meta name=\"twitter:creator\" content=\"@admin_enero\" \/>\n<meta name=\"twitter:site\" content=\"@eneroarq\" \/>\n<meta name=\"twitter:label1\" content=\"Escrit per\" \/>\n\t<meta name=\"twitter:data1\" content=\"admin_ENERO\" \/>\n\t<meta name=\"twitter:label2\" content=\"Temps estimat de lectura\" \/>\n\t<meta name=\"twitter:data2\" content=\"4 minuts\" \/>\n<script type=\"application\/ld+json\" class=\"yoast-schema-graph\">{\"@context\":\"https:\/\/schema.org\",\"@graph\":[{\"@type\":\"Article\",\"@id\":\"https:\/\/www.eneroarquitectura.com\/ca\/dones-a-enero-creuament-didees-i-experiencies-des-de-larquitectura\/#article\",\"isPartOf\":{\"@id\":\"https:\/\/www.eneroarquitectura.com\/ca\/dones-a-enero-creuament-didees-i-experiencies-des-de-larquitectura\/\"},\"author\":{\"name\":\"admin_ENERO\",\"@id\":\"https:\/\/www.eneroarquitectura.com\/#\/schema\/person\/ed71fc964241a3bdef30907c52c57de5\"},\"headline\":\"Dones a ENERO: creuament d&#8217;idees i experi\u00e8ncies des de l&#8217;arquitectura\",\"datePublished\":\"2022-03-08T08:33:50+00:00\",\"dateModified\":\"2022-03-08T08:38:56+00:00\",\"mainEntityOfPage\":{\"@id\":\"https:\/\/www.eneroarquitectura.com\/ca\/dones-a-enero-creuament-didees-i-experiencies-des-de-larquitectura\/\"},\"wordCount\":1025,\"commentCount\":0,\"publisher\":{\"@id\":\"https:\/\/www.eneroarquitectura.com\/#organization\"},\"image\":{\"@id\":\"https:\/\/www.eneroarquitectura.com\/ca\/dones-a-enero-creuament-didees-i-experiencies-des-de-larquitectura\/#primaryimage\"},\"thumbnailUrl\":\"https:\/\/www.eneroarquitectura.com\/wp-content\/uploads\/2022\/03\/blog-ENERO-ARQUITECTURA.jpg\",\"articleSection\":[\"Arquitectura\"],\"inLanguage\":\"ca\",\"potentialAction\":[{\"@type\":\"CommentAction\",\"name\":\"Comment\",\"target\":[\"https:\/\/www.eneroarquitectura.com\/ca\/dones-a-enero-creuament-didees-i-experiencies-des-de-larquitectura\/#respond\"]}]},{\"@type\":\"WebPage\",\"@id\":\"https:\/\/www.eneroarquitectura.com\/ca\/dones-a-enero-creuament-didees-i-experiencies-des-de-larquitectura\/\",\"url\":\"https:\/\/www.eneroarquitectura.com\/ca\/dones-a-enero-creuament-didees-i-experiencies-des-de-larquitectura\/\",\"name\":\"Dones a ENERO: creuament d'idees i experi\u00e8ncies des de l'arquitectura | Enero Arquitectura | Arquitectura hospitalaria\",\"isPartOf\":{\"@id\":\"https:\/\/www.eneroarquitectura.com\/#website\"},\"primaryImageOfPage\":{\"@id\":\"https:\/\/www.eneroarquitectura.com\/ca\/dones-a-enero-creuament-didees-i-experiencies-des-de-larquitectura\/#primaryimage\"},\"image\":{\"@id\":\"https:\/\/www.eneroarquitectura.com\/ca\/dones-a-enero-creuament-didees-i-experiencies-des-de-larquitectura\/#primaryimage\"},\"thumbnailUrl\":\"https:\/\/www.eneroarquitectura.com\/wp-content\/uploads\/2022\/03\/blog-ENERO-ARQUITECTURA.jpg\",\"datePublished\":\"2022-03-08T08:33:50+00:00\",\"dateModified\":\"2022-03-08T08:38:56+00:00\",\"description\":\"En commemoraci\u00f3 al Dia de la Dona, les veus femenines de ENERO es reuneixen per a conversar sobre el rol de la dona en l'arquitectura\",\"breadcrumb\":{\"@id\":\"https:\/\/www.eneroarquitectura.com\/ca\/dones-a-enero-creuament-didees-i-experiencies-des-de-larquitectura\/#breadcrumb\"},\"inLanguage\":\"ca\",\"potentialAction\":[{\"@type\":\"ReadAction\",\"target\":[\"https:\/\/www.eneroarquitectura.com\/ca\/dones-a-enero-creuament-didees-i-experiencies-des-de-larquitectura\/\"]}]},{\"@type\":\"ImageObject\",\"inLanguage\":\"ca\",\"@id\":\"https:\/\/www.eneroarquitectura.com\/ca\/dones-a-enero-creuament-didees-i-experiencies-des-de-larquitectura\/#primaryimage\",\"url\":\"https:\/\/www.eneroarquitectura.com\/wp-content\/uploads\/2022\/03\/blog-ENERO-ARQUITECTURA.jpg\",\"contentUrl\":\"https:\/\/www.eneroarquitectura.com\/wp-content\/uploads\/2022\/03\/blog-ENERO-ARQUITECTURA.jpg\",\"width\":1280,\"height\":836,\"caption\":\"La mujer en la arquitectura\"},{\"@type\":\"BreadcrumbList\",\"@id\":\"https:\/\/www.eneroarquitectura.com\/ca\/dones-a-enero-creuament-didees-i-experiencies-des-de-larquitectura\/#breadcrumb\",\"itemListElement\":[{\"@type\":\"ListItem\",\"position\":1,\"name\":\"Portada\",\"item\":\"https:\/\/www.eneroarquitectura.com\/ca\/\"},{\"@type\":\"ListItem\",\"position\":2,\"name\":\"Dones a ENERO: creuament d&#8217;idees i experi\u00e8ncies des de l&#8217;arquitectura\"}]},{\"@type\":\"WebSite\",\"@id\":\"https:\/\/www.eneroarquitectura.com\/#website\",\"url\":\"https:\/\/www.eneroarquitectura.com\/\",\"name\":\"Enero Arquitectura\",\"description\":\"Estudio de arquitectura, referente de la arquitectura hospitalaria en Espa\u00f1a, con m\u00e1s de 2.000.000 m2 de proyectos realizados.\",\"publisher\":{\"@id\":\"https:\/\/www.eneroarquitectura.com\/#organization\"},\"potentialAction\":[{\"@type\":\"SearchAction\",\"target\":{\"@type\":\"EntryPoint\",\"urlTemplate\":\"https:\/\/www.eneroarquitectura.com\/?s={search_term_string}\"},\"query-input\":{\"@type\":\"PropertyValueSpecification\",\"valueRequired\":true,\"valueName\":\"search_term_string\"}}],\"inLanguage\":\"ca\"},{\"@type\":\"Organization\",\"@id\":\"https:\/\/www.eneroarquitectura.com\/#organization\",\"name\":\"ENERO ARQUITECTURA SLP\",\"url\":\"https:\/\/www.eneroarquitectura.com\/\",\"logo\":{\"@type\":\"ImageObject\",\"inLanguage\":\"ca\",\"@id\":\"https:\/\/www.eneroarquitectura.com\/#\/schema\/logo\/image\/\",\"url\":\"https:\/\/www.eneroarquitectura.com\/wp-content\/uploads\/2021\/12\/LOGO-ENERO2.png\",\"contentUrl\":\"https:\/\/www.eneroarquitectura.com\/wp-content\/uploads\/2021\/12\/LOGO-ENERO2.png\",\"width\":2382,\"height\":365,\"caption\":\"ENERO ARQUITECTURA SLP\"},\"image\":{\"@id\":\"https:\/\/www.eneroarquitectura.com\/#\/schema\/logo\/image\/\"},\"sameAs\":[\"https:\/\/es-es.facebook.com\/eneroarquitectura\/\",\"https:\/\/x.com\/eneroarq\",\"https:\/\/www.instagram.com\/eneroarquitectura\/?hl=es\",\"https:\/\/es.linkedin.com\/company\/eneroarquitectura\",\"https:\/\/www.pinterest.es\/eneroarq\/\",\"https:\/\/www.youtube.com\/channel\/UClpI42aeTDSRoK9Ldx8cACw\"]},{\"@type\":\"Person\",\"@id\":\"https:\/\/www.eneroarquitectura.com\/#\/schema\/person\/ed71fc964241a3bdef30907c52c57de5\",\"name\":\"admin_ENERO\",\"image\":{\"@type\":\"ImageObject\",\"inLanguage\":\"ca\",\"@id\":\"https:\/\/www.eneroarquitectura.com\/#\/schema\/person\/image\/\",\"url\":\"https:\/\/secure.gravatar.com\/avatar\/8bca979d5344ed51c80b9b3cc530c6df1f44cbb592131e08468087b4b7eb68ca?s=96&d=mm&r=g\",\"contentUrl\":\"https:\/\/secure.gravatar.com\/avatar\/8bca979d5344ed51c80b9b3cc530c6df1f44cbb592131e08468087b4b7eb68ca?s=96&d=mm&r=g\",\"caption\":\"admin_ENERO\"},\"sameAs\":[\"https:\/\/x.com\/admin_enero\"],\"url\":\"https:\/\/www.eneroarquitectura.com\/ca\/author\/admin_enero\/\"}]}<\/script>\n<!-- \/ Yoast SEO plugin. -->","yoast_head_json":{"title":"Dones a ENERO: creuament d'idees i experi\u00e8ncies des de l'arquitectura | Enero Arquitectura | Arquitectura hospitalaria","description":"En commemoraci\u00f3 al Dia de la Dona, les veus femenines de ENERO es reuneixen per a conversar sobre el rol de la dona en l'arquitectura","robots":{"index":"index","follow":"follow","max-snippet":"max-snippet:-1","max-image-preview":"max-image-preview:large","max-video-preview":"max-video-preview:-1"},"canonical":"https:\/\/www.eneroarquitectura.com\/ca\/dones-a-enero-creuament-didees-i-experiencies-des-de-larquitectura\/","og_locale":"ca_ES","og_type":"article","og_title":"Dones a ENERO: creuament d'idees i experi\u00e8ncies des de l'arquitectura | Enero Arquitectura | Arquitectura hospitalaria","og_description":"En commemoraci\u00f3 al Dia de la Dona, les veus femenines de ENERO es reuneixen per a conversar sobre el rol de la dona en l'arquitectura","og_url":"https:\/\/www.eneroarquitectura.com\/ca\/dones-a-enero-creuament-didees-i-experiencies-des-de-larquitectura\/","og_site_name":"Enero Arquitectura","article_publisher":"https:\/\/es-es.facebook.com\/eneroarquitectura\/","article_published_time":"2022-03-08T08:33:50+00:00","article_modified_time":"2022-03-08T08:38:56+00:00","og_image":[{"width":1280,"height":836,"url":"https:\/\/www.eneroarquitectura.com\/wp-content\/uploads\/2022\/03\/blog-ENERO-ARQUITECTURA.jpg","type":"image\/jpeg"}],"author":"admin_ENERO","twitter_card":"summary_large_image","twitter_creator":"@admin_enero","twitter_site":"@eneroarq","twitter_misc":{"Escrit per":"admin_ENERO","Temps estimat de lectura":"4 minuts"},"schema":{"@context":"https:\/\/schema.org","@graph":[{"@type":"Article","@id":"https:\/\/www.eneroarquitectura.com\/ca\/dones-a-enero-creuament-didees-i-experiencies-des-de-larquitectura\/#article","isPartOf":{"@id":"https:\/\/www.eneroarquitectura.com\/ca\/dones-a-enero-creuament-didees-i-experiencies-des-de-larquitectura\/"},"author":{"name":"admin_ENERO","@id":"https:\/\/www.eneroarquitectura.com\/#\/schema\/person\/ed71fc964241a3bdef30907c52c57de5"},"headline":"Dones a ENERO: creuament d&#8217;idees i experi\u00e8ncies des de l&#8217;arquitectura","datePublished":"2022-03-08T08:33:50+00:00","dateModified":"2022-03-08T08:38:56+00:00","mainEntityOfPage":{"@id":"https:\/\/www.eneroarquitectura.com\/ca\/dones-a-enero-creuament-didees-i-experiencies-des-de-larquitectura\/"},"wordCount":1025,"commentCount":0,"publisher":{"@id":"https:\/\/www.eneroarquitectura.com\/#organization"},"image":{"@id":"https:\/\/www.eneroarquitectura.com\/ca\/dones-a-enero-creuament-didees-i-experiencies-des-de-larquitectura\/#primaryimage"},"thumbnailUrl":"https:\/\/www.eneroarquitectura.com\/wp-content\/uploads\/2022\/03\/blog-ENERO-ARQUITECTURA.jpg","articleSection":["Arquitectura"],"inLanguage":"ca","potentialAction":[{"@type":"CommentAction","name":"Comment","target":["https:\/\/www.eneroarquitectura.com\/ca\/dones-a-enero-creuament-didees-i-experiencies-des-de-larquitectura\/#respond"]}]},{"@type":"WebPage","@id":"https:\/\/www.eneroarquitectura.com\/ca\/dones-a-enero-creuament-didees-i-experiencies-des-de-larquitectura\/","url":"https:\/\/www.eneroarquitectura.com\/ca\/dones-a-enero-creuament-didees-i-experiencies-des-de-larquitectura\/","name":"Dones a ENERO: creuament d'idees i experi\u00e8ncies des de l'arquitectura | Enero Arquitectura | Arquitectura hospitalaria","isPartOf":{"@id":"https:\/\/www.eneroarquitectura.com\/#website"},"primaryImageOfPage":{"@id":"https:\/\/www.eneroarquitectura.com\/ca\/dones-a-enero-creuament-didees-i-experiencies-des-de-larquitectura\/#primaryimage"},"image":{"@id":"https:\/\/www.eneroarquitectura.com\/ca\/dones-a-enero-creuament-didees-i-experiencies-des-de-larquitectura\/#primaryimage"},"thumbnailUrl":"https:\/\/www.eneroarquitectura.com\/wp-content\/uploads\/2022\/03\/blog-ENERO-ARQUITECTURA.jpg","datePublished":"2022-03-08T08:33:50+00:00","dateModified":"2022-03-08T08:38:56+00:00","description":"En commemoraci\u00f3 al Dia de la Dona, les veus femenines de ENERO es reuneixen per a conversar sobre el rol de la dona en l'arquitectura","breadcrumb":{"@id":"https:\/\/www.eneroarquitectura.com\/ca\/dones-a-enero-creuament-didees-i-experiencies-des-de-larquitectura\/#breadcrumb"},"inLanguage":"ca","potentialAction":[{"@type":"ReadAction","target":["https:\/\/www.eneroarquitectura.com\/ca\/dones-a-enero-creuament-didees-i-experiencies-des-de-larquitectura\/"]}]},{"@type":"ImageObject","inLanguage":"ca","@id":"https:\/\/www.eneroarquitectura.com\/ca\/dones-a-enero-creuament-didees-i-experiencies-des-de-larquitectura\/#primaryimage","url":"https:\/\/www.eneroarquitectura.com\/wp-content\/uploads\/2022\/03\/blog-ENERO-ARQUITECTURA.jpg","contentUrl":"https:\/\/www.eneroarquitectura.com\/wp-content\/uploads\/2022\/03\/blog-ENERO-ARQUITECTURA.jpg","width":1280,"height":836,"caption":"La mujer en la arquitectura"},{"@type":"BreadcrumbList","@id":"https:\/\/www.eneroarquitectura.com\/ca\/dones-a-enero-creuament-didees-i-experiencies-des-de-larquitectura\/#breadcrumb","itemListElement":[{"@type":"ListItem","position":1,"name":"Portada","item":"https:\/\/www.eneroarquitectura.com\/ca\/"},{"@type":"ListItem","position":2,"name":"Dones a ENERO: creuament d&#8217;idees i experi\u00e8ncies des de l&#8217;arquitectura"}]},{"@type":"WebSite","@id":"https:\/\/www.eneroarquitectura.com\/#website","url":"https:\/\/www.eneroarquitectura.com\/","name":"Enero Arquitectura","description":"Estudio de arquitectura, referente de la arquitectura hospitalaria en Espa\u00f1a, con m\u00e1s de 2.000.000 m2 de proyectos realizados.","publisher":{"@id":"https:\/\/www.eneroarquitectura.com\/#organization"},"potentialAction":[{"@type":"SearchAction","target":{"@type":"EntryPoint","urlTemplate":"https:\/\/www.eneroarquitectura.com\/?s={search_term_string}"},"query-input":{"@type":"PropertyValueSpecification","valueRequired":true,"valueName":"search_term_string"}}],"inLanguage":"ca"},{"@type":"Organization","@id":"https:\/\/www.eneroarquitectura.com\/#organization","name":"ENERO ARQUITECTURA SLP","url":"https:\/\/www.eneroarquitectura.com\/","logo":{"@type":"ImageObject","inLanguage":"ca","@id":"https:\/\/www.eneroarquitectura.com\/#\/schema\/logo\/image\/","url":"https:\/\/www.eneroarquitectura.com\/wp-content\/uploads\/2021\/12\/LOGO-ENERO2.png","contentUrl":"https:\/\/www.eneroarquitectura.com\/wp-content\/uploads\/2021\/12\/LOGO-ENERO2.png","width":2382,"height":365,"caption":"ENERO ARQUITECTURA SLP"},"image":{"@id":"https:\/\/www.eneroarquitectura.com\/#\/schema\/logo\/image\/"},"sameAs":["https:\/\/es-es.facebook.com\/eneroarquitectura\/","https:\/\/x.com\/eneroarq","https:\/\/www.instagram.com\/eneroarquitectura\/?hl=es","https:\/\/es.linkedin.com\/company\/eneroarquitectura","https:\/\/www.pinterest.es\/eneroarq\/","https:\/\/www.youtube.com\/channel\/UClpI42aeTDSRoK9Ldx8cACw"]},{"@type":"Person","@id":"https:\/\/www.eneroarquitectura.com\/#\/schema\/person\/ed71fc964241a3bdef30907c52c57de5","name":"admin_ENERO","image":{"@type":"ImageObject","inLanguage":"ca","@id":"https:\/\/www.eneroarquitectura.com\/#\/schema\/person\/image\/","url":"https:\/\/secure.gravatar.com\/avatar\/8bca979d5344ed51c80b9b3cc530c6df1f44cbb592131e08468087b4b7eb68ca?s=96&d=mm&r=g","contentUrl":"https:\/\/secure.gravatar.com\/avatar\/8bca979d5344ed51c80b9b3cc530c6df1f44cbb592131e08468087b4b7eb68ca?s=96&d=mm&r=g","caption":"admin_ENERO"},"sameAs":["https:\/\/x.com\/admin_enero"],"url":"https:\/\/www.eneroarquitectura.com\/ca\/author\/admin_enero\/"}]}},"_links":{"self":[{"href":"https:\/\/www.eneroarquitectura.com\/ca\/wp-json\/wp\/v2\/posts\/4790","targetHints":{"allow":["GET"]}}],"collection":[{"href":"https:\/\/www.eneroarquitectura.com\/ca\/wp-json\/wp\/v2\/posts"}],"about":[{"href":"https:\/\/www.eneroarquitectura.com\/ca\/wp-json\/wp\/v2\/types\/post"}],"author":[{"embeddable":true,"href":"https:\/\/www.eneroarquitectura.com\/ca\/wp-json\/wp\/v2\/users\/1"}],"replies":[{"embeddable":true,"href":"https:\/\/www.eneroarquitectura.com\/ca\/wp-json\/wp\/v2\/comments?post=4790"}],"version-history":[{"count":4,"href":"https:\/\/www.eneroarquitectura.com\/ca\/wp-json\/wp\/v2\/posts\/4790\/revisions"}],"predecessor-version":[{"id":4797,"href":"https:\/\/www.eneroarquitectura.com\/ca\/wp-json\/wp\/v2\/posts\/4790\/revisions\/4797"}],"wp:featuredmedia":[{"embeddable":true,"href":"https:\/\/www.eneroarquitectura.com\/ca\/wp-json\/wp\/v2\/media\/4788"}],"wp:attachment":[{"href":"https:\/\/www.eneroarquitectura.com\/ca\/wp-json\/wp\/v2\/media?parent=4790"}],"wp:term":[{"taxonomy":"category","embeddable":true,"href":"https:\/\/www.eneroarquitectura.com\/ca\/wp-json\/wp\/v2\/categories?post=4790"},{"taxonomy":"post_tag","embeddable":true,"href":"https:\/\/www.eneroarquitectura.com\/ca\/wp-json\/wp\/v2\/tags?post=4790"}],"curies":[{"name":"wp","href":"https:\/\/api.w.org\/{rel}","templated":true}]}}