{"id":4822,"date":"2022-04-03T08:08:13","date_gmt":"2022-04-03T08:08:13","guid":{"rendered":"https:\/\/www.eneroarquitectura.com\/?p=4822"},"modified":"2022-04-08T15:51:12","modified_gmt":"2022-04-08T15:51:12","slug":"adaptabilitat-tecnologia-i-humanitzacio-despais-sanitaris-projectes-hospitalaris-de-enero-arquitectura","status":"publish","type":"post","link":"https:\/\/www.eneroarquitectura.com\/ca\/adaptabilitat-tecnologia-i-humanitzacio-despais-sanitaris-projectes-hospitalaris-de-enero-arquitectura\/","title":{"rendered":"Adaptabilitat, tecnologia i humanitzaci\u00f3 d&#8217;espais sanitaris: Projectes hospitalaris de ENERO Arquitectura"},"content":{"rendered":"<p>[vc_row][vc_column][vc_column_text]En els \u00faltims anys l&#8217;arquitectura i enginyeria hospital\u00e0ria han sofert una aut\u00e8ntica revoluci\u00f3. Ja no sols busquen la projecci\u00f3 de centres sanitaris cl\u00ednicament eficients, sin\u00f3 la manera de dissenyar infraestructures f\u00edsiques amb una alta capacitat d&#8217;influ\u00e8ncia terap\u00e8utica per a tots els usuaris que fan \u00fas d&#8217;ella. <a href=\"https:\/\/www.eneroarquitectura.com\/ca\/\">ENERO Arquitectura<\/a> analitza els desafiaments als quals s&#8217;enfronta la projecci\u00f3 dels nous projectes hospitalaris de centres sanitaris del segle XXI. Juntament amb aix\u00f2, analitza la complexa per\u00f2 extraordin\u00e0ria interacci\u00f3 entre tecnologia capdavantera i la humanitzaci\u00f3 d&#8217;espais sanitaris per a optimitzar l&#8217;experi\u00e8ncia de pacients i usuaris.<\/p>\n<h3>Consideracions d&#8217;ENERO per a elaborar projectes.<\/h3>\n<p>Si tirem la vista enrere,\u00a0podem veure com d&#8217;un dia a un altre poden sorgir nous escenaris sanitaris que impliquin <strong>una resposta immediata dels hospitals i centres destinats a cura de la salut<\/strong>. No obstant aix\u00f2, no es tracta d&#8217;una situaci\u00f3 nova o que no es pogu\u00e9s preveure. A <strong>ENERO Arquitectura<\/strong> sempre hem tingut molt clara aquesta premissa: els edificis sanitaris han d&#8217;estar preparats per a oferir solucions a una societat en constant canvi. \u00c9s per aix\u00f2 que han de ser concebuts des dels seus inicis com a <strong>espais vius, funcionals, eficients i, sobretot, humanitzats.<\/strong><\/p>\n<p>Gr\u00e0cies a aquesta filosofia de treball, avui dia ja hem desenvolupat projectes de gran envergadura, com ara:<\/p>\n<ul>\n<li>El <strong>Primer Centre de\u00a0Prototer\u00e0piad&#8217;Espanya,<\/strong> a\u00a0Pozuelo\u00a0de Alarc\u00f3n<\/li>\n<li><strong>L&#8217;<\/strong><strong>Hospital\u00a0Quir\u00f3nsaludde C\u00f2rdova<\/strong><\/li>\n<li>ElPla Director de la Remodelaci\u00f3 integral de <strong>l&#8217;Hospital Universitari Fundaci\u00f3 Jim\u00e9nez D\u00edaz<\/strong><\/li>\n<li>El nou <strong>Hospital\u00a0Quir\u00f3nsaludValle\u00a0de Henares<\/strong>, a Torrej\u00f3n de Ardoz.<\/li>\n<\/ul>\n<p>Francisco Ortega, CEO d\u2019ENERO Arquitectura, afirma que durant la pand\u00e8mia, els hospitals van sofrir per dos motius: la massificaci\u00f3 de les UCIs i les dificultats de conviv\u00e8ncia dels pacients COVID amb la resta. No obstant aix\u00f2, creu que encara que la pand\u00e8mia no produir\u00e0 grans canvis en l&#8217;arquitectura hospital\u00e0ria, la qual cosa s\u00ed que transcendir\u00e0 en l&#8217;estructura dels nous centres \u00e9s una conseq\u00fc\u00e8ncia d&#8217;aquesta: <strong>l&#8217;impacte de l&#8217;avan\u00e7 de la mobilitat cl\u00ednica o telemedicina<\/strong>. La menor aflu\u00e8ncia de persones amb simptomatologia lleu est\u00e0 suposant la disminuci\u00f3 dels serveis d&#8217;assist\u00e8ncia ambulat\u00f2ria i els hospitals s&#8217;orientaran per a acollir a malalts greus, i allotjar serveis de diagn\u00f2stics (radiologia, laboratoris, etc.) i intervencions quir\u00fargiques.<\/p>\n<p>&nbsp;<\/p>\n<h3><img loading=\"lazy\" decoding=\"async\" class=\"aligncenter size-large wp-image-4828\" src=\"https:\/\/www.eneroarquitectura.com\/wp-content\/uploads\/2022\/04\/Jorge-Allende_-Unidad-Medicina-Nuclear-FJD2-1024x655.jpg\" alt=\"\" width=\"1024\" height=\"655\" srcset=\"https:\/\/www.eneroarquitectura.com\/wp-content\/uploads\/2022\/04\/Jorge-Allende_-Unidad-Medicina-Nuclear-FJD2-1024x655.jpg 1024w, https:\/\/www.eneroarquitectura.com\/wp-content\/uploads\/2022\/04\/Jorge-Allende_-Unidad-Medicina-Nuclear-FJD2-300x192.jpg 300w, https:\/\/www.eneroarquitectura.com\/wp-content\/uploads\/2022\/04\/Jorge-Allende_-Unidad-Medicina-Nuclear-FJD2-768x491.jpg 768w, https:\/\/www.eneroarquitectura.com\/wp-content\/uploads\/2022\/04\/Jorge-Allende_-Unidad-Medicina-Nuclear-FJD2.jpg 1280w\" sizes=\"auto, (max-width: 1024px) 100vw, 1024px\" \/><\/h3>\n<h3>La tecnologia com a major aliada<\/h3>\n<p>L&#8217;arquitectura hospital\u00e0ria \u00e9s molt m\u00e9s que la conceptualitzaci\u00f3 i projecci\u00f3 d&#8217;un edifici. En les \u00faltimes d\u00e8cades s&#8217;ha experimentat un dr\u00e0stic canvi de paradigma en aquest \u00e0mbit, entenent que <strong>els espais sanitaris tenen com a eix vertebrador a l&#8217;usuari i el seu entorn.<\/strong> En conseq\u00fc\u00e8ncia, han de formar part del seu proc\u00e9s de cura i recuperaci\u00f3. Nom\u00e9s aix\u00ed es donaria pas a la humanitzaci\u00f3 d&#8217;espais sanitaris.<\/p>\n<p>Per a l&#8217;anterior, la <strong>tecnologia i la innovaci\u00f3<\/strong> s\u00f3n els aliats indiscutibles que estan aconseguint dotar als centres d&#8217;una efici\u00e8ncia i funcionalitat mai vista i especialment necess\u00e0ria en els temps que corren. Precisament l&#8217;\u00fas de tecnologia cada vegada m\u00e9s avan\u00e7ada est\u00e0 suposant un gran canvi en la manera de concebre aquests espais. <strong>La tecnologia cada vegada altera m\u00e9s el disseny dels edificis<\/strong>. Lluny de reduir-se, els equips cada vegada ocupen m\u00e9s espai i recursos.<\/p>\n<p>Per exemple, en el primer Centre de Prototer\u00e0pia que es va fer a Espanya, projectat per l&#8217;estudi, la tecnologia ocupa diverses vegades m\u00e9s que l&#8217;espai per al pacient o el personal m\u00e8dic. Adaptar un b\u00fanquer de 30 x 12 x 12 m a una persona \u00e9s un repte amb el qual cal bregar. Era i \u00e9s necessari assolir que els espais siguin agradables per als usuaris. A ENERO creiem que l&#8217;edifici influeix en el proc\u00e9s de recuperaci\u00f3 i aix\u00f2 \u00e9s tot un repte en determinades ocasions.<\/p>\n<p>&nbsp;<\/p>\n<p><img loading=\"lazy\" decoding=\"async\" class=\"aligncenter size-large wp-image-4830\" src=\"https:\/\/www.eneroarquitectura.com\/wp-content\/uploads\/2022\/04\/Quirofano-Hibrido-Fundacion-Jimez-Diaz-1024x682.jpg\" alt=\"\" width=\"1024\" height=\"682\" srcset=\"https:\/\/www.eneroarquitectura.com\/wp-content\/uploads\/2022\/04\/Quirofano-Hibrido-Fundacion-Jimez-Diaz-1024x682.jpg 1024w, https:\/\/www.eneroarquitectura.com\/wp-content\/uploads\/2022\/04\/Quirofano-Hibrido-Fundacion-Jimez-Diaz-300x200.jpg 300w, https:\/\/www.eneroarquitectura.com\/wp-content\/uploads\/2022\/04\/Quirofano-Hibrido-Fundacion-Jimez-Diaz-768x512.jpg 768w, https:\/\/www.eneroarquitectura.com\/wp-content\/uploads\/2022\/04\/Quirofano-Hibrido-Fundacion-Jimez-Diaz.jpg 1280w\" sizes=\"auto, (max-width: 1024px) 100vw, 1024px\" \/><\/p>\n<h3>La proliferaci\u00f3 dels quir\u00f2fans h\u00edbrids<\/h3>\n<p>Un altre recurs cada vegada m\u00e9s demandat i on la tecnologia est\u00e0 tenint una gran influ\u00e8ncia en l&#8217;\u00e0mbit d&#8217;infraestructura \u00e9s <strong>el quir\u00f2fan h\u00edbrid<\/strong>. Aquesta \u00e9s una estructura que ocupa entre dues i tres vegades m\u00e9s que un quir\u00f2fan convencional. La seva <strong>funcionalitat \u00e9s molt major<\/strong> i evita despla\u00e7aments entre la resson\u00e0ncia magn\u00e8tica i el quir\u00f2fan. La precisi\u00f3 amb la qual permet treballar aquesta tecnologia \u00e9s molt alta, encara que per a aconseguir-ho cal allotjar molts equips i molt espec\u00edfics. Sens dubte, <strong>el gran repte \u00e9s fer-ho sense que el pacient se senti amena\u00e7at o aclaparat per la tecnologia i la seva implantaci\u00f3 en l&#8217;edifici<\/strong>. Especialment, quan el pacient no \u00e9s un malalt, sin\u00f3 tot el contrari.<\/p>\n<p>Vivim en l&#8217;era de la immediatesa en tots els \u00e0mbits i un hospital del segle XXI ha de tenir la capacitat d&#8217;adaptar-se a qualsevol circumst\u00e0ncia en temps r\u00e8cord. Per aix\u00f2, ENERO Arquitectura, com a estudi visionari en aquest aspecte, sempre ha comptat en el seu equip amb <strong>diferents perfils professionals altament qualificats que li permeten desenvolupar espais sanitaris amb una marcada identitat<\/strong>.<\/p>\n<p><img loading=\"lazy\" decoding=\"async\" class=\"aligncenter size-large wp-image-4829\" src=\"https:\/\/www.eneroarquitectura.com\/wp-content\/uploads\/2022\/04\/Jorge-Allende-Quironsalud-Cordoba-1024x597.jpg\" alt=\"\" width=\"1024\" height=\"597\" srcset=\"https:\/\/www.eneroarquitectura.com\/wp-content\/uploads\/2022\/04\/Jorge-Allende-Quironsalud-Cordoba-1024x597.jpg 1024w, https:\/\/www.eneroarquitectura.com\/wp-content\/uploads\/2022\/04\/Jorge-Allende-Quironsalud-Cordoba-300x175.jpg 300w, https:\/\/www.eneroarquitectura.com\/wp-content\/uploads\/2022\/04\/Jorge-Allende-Quironsalud-Cordoba-768x448.jpg 768w, https:\/\/www.eneroarquitectura.com\/wp-content\/uploads\/2022\/04\/Jorge-Allende-Quironsalud-Cordoba.jpg 1280w\" sizes=\"auto, (max-width: 1024px) 100vw, 1024px\" \/><\/p>\n<h3>L&#8217;arquitectura com a element terap\u00e8utic: humanitzaci\u00f3 d&#8217;espais sanitaris<\/h3>\n<p>Una altra de les qualitats que cada vegada est\u00e0 m\u00e9s present en l&#8217;arquitectura hospital\u00e0ria \u00e9s la &#8216;humanitzaci\u00f3 d&#8217;espais sanitaris&#8217;. Aix\u00f2 va m\u00e9s enll\u00e0 de la seva mera \u2013i necess\u00e0ria\u2013 funcionalitat, per a focalitzar la concepci\u00f3 dels seus projectes des del punt de vista establert per la <strong>Teoria de la<\/strong>\u00a0<strong>Salutog\u00e8nesi:<\/strong> projectar entorns amables que permetin tant als pacients com als treballadors mantenir el control sobre el seu estat de benestar. Aquest \u00e9s un estat que fluctua constantment per diversos factors de l&#8217;entorn de cada individu, que poden ser m\u00e9s o menys controlables.<\/p>\n<p>Espais amb abundant llum natural, una adequada higiene ac\u00fastica, espais de privacitat per al pacient, espais de socialitzaci\u00f3, refer\u00e8ncies a la naturalesa, fites que col\u00b7laborin a la ubicaci\u00f3 dins de l&#8217;<strong>establiment hospitalari<\/strong>&#8230; S\u00f3n m\u00faltiples els factors que intervenen en un projecte hospitalari d&#8217;aquestes caracter\u00edstiques, el principal objectiu de les quals \u00e9s estimular la capacitat de les persones per a afrontar la incertesa o malestar davant la malaltia.<\/p>\n<p>Aquest factor \u00e9s especialment significatiu en els centres sanitaris. Aquests s\u00f3n llocs on acudeixen constantment persones que, en general, no gaudeixen d&#8217;un bon estat de salut o han de fer front a situacions complexes que els produeixen un gran estr\u00e8s f\u00edsic i emocional.<\/p>\n<p>&nbsp;<\/p>\n<p><img loading=\"lazy\" decoding=\"async\" class=\"aligncenter size-large wp-image-4827\" src=\"https:\/\/www.eneroarquitectura.com\/wp-content\/uploads\/2022\/04\/Jorge-Allende_Quironsalud-Valle-del-Henares-1024x635.jpg\" alt=\"\" width=\"1024\" height=\"635\" srcset=\"https:\/\/www.eneroarquitectura.com\/wp-content\/uploads\/2022\/04\/Jorge-Allende_Quironsalud-Valle-del-Henares-1024x635.jpg 1024w, https:\/\/www.eneroarquitectura.com\/wp-content\/uploads\/2022\/04\/Jorge-Allende_Quironsalud-Valle-del-Henares-300x186.jpg 300w, https:\/\/www.eneroarquitectura.com\/wp-content\/uploads\/2022\/04\/Jorge-Allende_Quironsalud-Valle-del-Henares-768x476.jpg 768w, https:\/\/www.eneroarquitectura.com\/wp-content\/uploads\/2022\/04\/Jorge-Allende_Quironsalud-Valle-del-Henares.jpg 1280w\" sizes=\"auto, (max-width: 1024px) 100vw, 1024px\" \/><\/p>\n<h3>L&#8217;experi\u00e8ncia d&#8217;un l\u00edder en projectes hospitalaris<\/h3>\n<p>ENERO\u00a0Arquitectura ha estat l&#8217;estudi art\u00edfex\u00a0d&#8217;alguns dels projectes hospitalaris m\u00e9s importants desenvolupats a Espanya en els \u00faltims anys.<\/p>\n<h4>Projectes hospitalaris de ENERO Arquitectura guanyadors de premis<\/h4>\n<p>En el cas de <a href=\"https:\/\/www.eneroarquitectura.com\/ca\/portfolio-item\/hospital-general-universitari-de-collado-villalba\/\">l&#8217;Hospital General Universitari de\u00a0Collado\u00a0Villaba\u00a0<\/a>(2010),\u00a0el major desafiament\u00a0va ser construir un edifici de 69.000 m\u00b2 amb baix impacte en l&#8217;entorn natural de la Serra Nord de Madrid i, alhora, que promogu\u00e9s la salut dels seus ocupants,\u00a0ja siguin pacients o\u00a0personal sanitari; totes dues caracter\u00edstiques van ser impulsades i reeixides gr\u00e0cies a la introducci\u00f3 de solucions innovadores. A m\u00e9s, aquest projecte va rebre el Premi Design\u00a0&amp;\u00a0Health\u00a0International\u00a0Academy \u00a0(Highly<\/p>\n<p>Commended) en 2013.<\/p>\n<p>La personalitat de <a href=\"https:\/\/www.eneroarquitectura.com\/ca\/portfolio-item\/hospital-quironsalud-cordoba\/\">l&#8217;Hospital\u00a0Quir\u00f3nsalud\u00a0de C\u00f2rdova<\/a> (culminat en 2019 i guanyador de l&#8217;Esment d&#8217;Honor en els Premis\u00a0Yuanye, de la Xina), ha suposat una veritable fita a la ciutat. Aix\u00f2 gr\u00e0cies a la seva arquitectura singular, marcada per la seva &#8216;pell&#8217; exterior: una gelosia met\u00e0l\u00b7lica que embolica l&#8217;edificaci\u00f3, matisa la llum i proporciona unes condicions energ\u00e8tiques \u00f2ptimes, millorant l&#8217;efici\u00e8ncia t\u00e8rmica de l&#8217;edifici gr\u00e0cies al control de la llum solar i permetent la\u00a0tamitzaci\u00f3\u00a0de la llum natural. L&#8217;empremta mud\u00e8jar d&#8217;aquesta &#8216;pell&#8217; exterior connectava culturalment amb el llegat hist\u00f2ric de la ciutat i amb la\u00a0pr\u00f2pia\u00a0ubicaci\u00f3 de l&#8217;hospital. Aix\u00f2 es va aconseguir a causa de l&#8217;exist\u00e8ncia de restes arqueol\u00f2giques de l&#8217;\u00e8poca isl\u00e0mica en la parcel\u00b7la de construcci\u00f3.<\/p>\n<h4>Altres projectes hospitalaris destacats<\/h4>\n<p>El primer <strong>Centre de\u00a0Prototer\u00e0pia\u00a0d&#8217;Espanya (2018),<\/strong> a\u00a0Pozuelo\u00a0de Alarc\u00f3n, \u00e9s un projecte que comportava una gran complexitat per comptar amb una avan\u00e7ada tecnologia mai abans emprada al nostre pa\u00eds. Se sumava, a m\u00e9s, la necessitat de convertir l&#8217;estructura del b\u00fanquer i el seu envolupant en un espai amable per als pacients i usuaris.<\/p>\n<p>ENERO Arquitectura tamb\u00e9 t\u00e9 una important pres\u00e8ncia a Catalunya. Hem estat realitzant\u00a0importants\u00a0intervencions en establiments hospitalaris com l&#8217;<strong>Hospital Universitari Sagrat Cor, l&#8217;Hospital General de Catalunya, la Cl\u00ednica del Pilar<\/strong>, a m\u00e9s de la construcci\u00f3 d&#8217;un nou Hospital a Badalona.<\/p>\n<p>El comprom\u00eds i la responsabilitat que demostra l&#8217;estudi en cadascun dels seus projectes els ha perm\u00e8s disposar d&#8217;una cartera de clients entre els quals es troben empreses l\u00edders del sector sanitari al nostre pa\u00eds com\u00a0Quir\u00f3nsalud,\u00a0Sanitas, Fraternitat\u00a0Muprespa\u00a0o Consorci Sanitari Pere Virgili i tamb\u00e9 en centres P\u00fablics.<\/p>\n<h4>Hospital\u00a0Quir\u00f3nsalud\u00a0Valle de Henares<\/h4>\n<p>Recentment ha estat inaugurat un dels seus \u00faltims projectes hospitalaris: l&#8217;Hospital\u00a0Quir\u00f3nsalud\u00a0Valle de Henares, en la localitat de Torrej\u00f3n de Ardoz. El seu proc\u00e9s i estudi previ van ser de gran complexitat, buscant conjugar l&#8217;optimitzaci\u00f3 en els temps de construcci\u00f3 i la m\u00e0xima efici\u00e8ncia, per mitj\u00e0 de la innovaci\u00f3. Tot aix\u00f2, per descomptat, a l&#8217;una de millorar els processos assistencials i l&#8217;experi\u00e8ncia del pacient.<\/p>\n<h4>Hospital Universitari Fundaci\u00f3 Jim\u00e9nez D\u00edaz<\/h4>\n<p>De les noves obres a una de les majors rehabilitacions viscudes en un hospital de refer\u00e8ncia internacional, <a href=\"https:\/\/www.eneroarquitectura.com\/ca\/portfolio-item\/consultoria-per-al-pla-director-de-lhospital-universitari-fundacio-jimenez-diaz\/\">l&#8217;Hospital Universitari Fundaci\u00f3 Jim\u00e9nez D\u00edaz<\/a>. \u00c9s una obra que es va iniciar en 2009 i que continua avui dia. GENER Arquitectura demostra la seva enorme capacitat d&#8217;adaptaci\u00f3 a diferents reptes dins de l&#8217;arquitectura hospital\u00e0ria. L&#8217;objectiu final en aquest projecte \u00e9s aconseguir una imatge unit\u00e0ria i homog\u00e8nia del gran complex hospitalari, aconseguint la renovaci\u00f3 i modernitzaci\u00f3 de tot el conjunt. D&#8217;aquesta manera, es podr\u00e0 afavorir el benestar dels usuaris, l&#8217;efici\u00e8ncia i sostenibilitat de l&#8217;edifici. Tot aix\u00f2 dotar\u00e0 a la ciutat d&#8217;un centre hospitalari concorde a les seves exig\u00e8ncies i necessitats.<\/p>\n<p>Una de les \u00faltimes fases de l&#8217;Hospital Universitari Fundaci\u00f3 Jim\u00e9nez D\u00edaz, ha estat la realitzaci\u00f3 del\u00a0nova \u00e0rea de Medicina Nuclear. Aquest \u00e9s un projecte hospitalari d&#8217;un total de 559 m\u00b2 que ha millorat la seva ubicaci\u00f3 dins del centre i ha integrat l&#8217;\u00faltima tecnologia per al diagn\u00f2stic per radiaci\u00f3.<\/p>\n<h4>Ruber\u00a0Internacional Centre M\u00e8dic Mas\u00f3<\/h4>\n<p>Cal\u00a0destacar, tamb\u00e9, un dels seus \u00faltims projectes hospitalaris, recentment inaugurat: el\u00a0<strong>Ruber\u00a0Internacional Centre M\u00e8dic Mas\u00f3<\/strong>. \u00c9s una icona internacional en el que a centres de reproducci\u00f3 assistida i Fecundaci\u00f3 &#8216;In vitro&#8217; (FIV) es refereix, tant per la seva qualitat assistencial com per la innovadora tecnologia que alberga per a aquesta mena de tractaments. Compta amb un ampli quadre m\u00e8dic per a les especialitats de:<\/p>\n<ul>\n<li>Ginecologia<\/li>\n<li>Immunologia Cl\u00ednica<\/li>\n<li>Gen\u00e8tica M\u00e8dica<\/li>\n<li>Cirurgia maxil\u00b7lofacial i Odontologia<\/li>\n<li>Dermatologia<\/li>\n<li>Medicina Interna<\/li>\n<\/ul>\n<p>Disposa d&#8217;un modern laboratori d&#8217;embriologia on es desenvolupen tots els procediments i processos de fecundaci\u00f3 &#8216;in vitro&#8217; amb els m\u00e9s nous m\u00e8todes de diagn\u00f2stic gen\u00e8tic embrionari.<\/p>\n<p>&nbsp;<\/p>\n<p><img loading=\"lazy\" decoding=\"async\" class=\"aligncenter size-large wp-image-4826\" src=\"https:\/\/www.eneroarquitectura.com\/wp-content\/uploads\/2022\/04\/Collado-Villalba-1024x682.jpg\" alt=\"\" width=\"1024\" height=\"682\" srcset=\"https:\/\/www.eneroarquitectura.com\/wp-content\/uploads\/2022\/04\/Collado-Villalba-1024x682.jpg 1024w, https:\/\/www.eneroarquitectura.com\/wp-content\/uploads\/2022\/04\/Collado-Villalba-300x200.jpg 300w, https:\/\/www.eneroarquitectura.com\/wp-content\/uploads\/2022\/04\/Collado-Villalba-768x512.jpg 768w, https:\/\/www.eneroarquitectura.com\/wp-content\/uploads\/2022\/04\/Collado-Villalba.jpg 1280w\" sizes=\"auto, (max-width: 1024px) 100vw, 1024px\" \/>[\/vc_column_text][\/vc_column][\/vc_row]<\/p>\n","protected":false},"excerpt":{"rendered":"<p>En els \u00faltims anys l&#8217;arquitectura i enginyeria hospital\u00e0ria han sofert una aut\u00e8ntica revoluci\u00f3. Ja no sols busquen la projecci\u00f3 de centres sanitaris cl\u00ednicament eficients, sin\u00f3 la manera de dissenyar infraestructures f\u00edsiques amb una alta capacitat d&#8217;influ\u00e8ncia terap\u00e8utica per a tots els usuaris que fan \u00fas d&#8217;ella.<\/p>\n","protected":false},"author":1,"featured_media":4825,"comment_status":"open","ping_status":"open","sticky":false,"template":"","format":"standard","meta":{"footnotes":""},"categories":[229],"tags":[],"class_list":["post-4822","post","type-post","status-publish","format-standard","has-post-thumbnail","hentry","category-arquitectura-hospitalaria"],"yoast_head":"<!-- This site is optimized with the Yoast SEO plugin v26.4 - https:\/\/yoast.com\/wordpress\/plugins\/seo\/ -->\n<title>Adaptabilitat, tecnologia i humanitzaci\u00f3 d&#039;espais sanitaris: Projectes hospitalaris de ENERO Arquitectura | Enero Arquitectura | Arquitectura hospitalaria<\/title>\n<meta name=\"description\" content=\"ENERO ha demostrat una gran adaptabilitat en els seus projectes hospitalaris, enfront dels canvis constants de la societat. Coneix-los!\" \/>\n<meta name=\"robots\" content=\"index, follow, max-snippet:-1, max-image-preview:large, max-video-preview:-1\" \/>\n<link rel=\"canonical\" href=\"https:\/\/www.eneroarquitectura.com\/ca\/adaptabilitat-tecnologia-i-humanitzacio-despais-sanitaris-projectes-hospitalaris-de-enero-arquitectura\/\" \/>\n<meta property=\"og:locale\" content=\"ca_ES\" \/>\n<meta property=\"og:type\" content=\"article\" \/>\n<meta property=\"og:title\" content=\"Adaptabilitat, tecnologia i humanitzaci\u00f3 d&#039;espais sanitaris: Projectes hospitalaris de ENERO Arquitectura | Enero Arquitectura | Arquitectura hospitalaria\" \/>\n<meta property=\"og:description\" content=\"ENERO ha demostrat una gran adaptabilitat en els seus projectes hospitalaris, enfront dels canvis constants de la societat. Coneix-los!\" \/>\n<meta property=\"og:url\" content=\"https:\/\/www.eneroarquitectura.com\/ca\/adaptabilitat-tecnologia-i-humanitzacio-despais-sanitaris-projectes-hospitalaris-de-enero-arquitectura\/\" \/>\n<meta property=\"og:site_name\" content=\"Enero Arquitectura\" \/>\n<meta property=\"article:publisher\" content=\"https:\/\/es-es.facebook.com\/eneroarquitectura\/\" \/>\n<meta property=\"article:published_time\" content=\"2022-04-03T08:08:13+00:00\" \/>\n<meta property=\"article:modified_time\" content=\"2022-04-08T15:51:12+00:00\" \/>\n<meta property=\"og:image\" content=\"https:\/\/www.eneroarquitectura.com\/wp-content\/uploads\/2022\/04\/Centro-Protones013.jpg\" \/>\n\t<meta property=\"og:image:width\" content=\"1000\" \/>\n\t<meta property=\"og:image:height\" content=\"664\" \/>\n\t<meta property=\"og:image:type\" content=\"image\/jpeg\" \/>\n<meta name=\"author\" content=\"admin_ENERO\" \/>\n<meta name=\"twitter:card\" content=\"summary_large_image\" \/>\n<meta name=\"twitter:creator\" content=\"@admin_enero\" \/>\n<meta name=\"twitter:site\" content=\"@eneroarq\" \/>\n<meta name=\"twitter:label1\" content=\"Escrit per\" \/>\n\t<meta name=\"twitter:data1\" content=\"admin_ENERO\" \/>\n\t<meta name=\"twitter:label2\" content=\"Temps estimat de lectura\" \/>\n\t<meta name=\"twitter:data2\" content=\"9 minuts\" \/>\n<script type=\"application\/ld+json\" class=\"yoast-schema-graph\">{\"@context\":\"https:\/\/schema.org\",\"@graph\":[{\"@type\":\"Article\",\"@id\":\"https:\/\/www.eneroarquitectura.com\/ca\/adaptabilitat-tecnologia-i-humanitzacio-despais-sanitaris-projectes-hospitalaris-de-enero-arquitectura\/#article\",\"isPartOf\":{\"@id\":\"https:\/\/www.eneroarquitectura.com\/ca\/adaptabilitat-tecnologia-i-humanitzacio-despais-sanitaris-projectes-hospitalaris-de-enero-arquitectura\/\"},\"author\":{\"name\":\"admin_ENERO\",\"@id\":\"https:\/\/www.eneroarquitectura.com\/#\/schema\/person\/ed71fc964241a3bdef30907c52c57de5\"},\"headline\":\"Adaptabilitat, tecnologia i humanitzaci\u00f3 d&#8217;espais sanitaris: Projectes hospitalaris de ENERO Arquitectura\",\"datePublished\":\"2022-04-03T08:08:13+00:00\",\"dateModified\":\"2022-04-08T15:51:12+00:00\",\"mainEntityOfPage\":{\"@id\":\"https:\/\/www.eneroarquitectura.com\/ca\/adaptabilitat-tecnologia-i-humanitzacio-despais-sanitaris-projectes-hospitalaris-de-enero-arquitectura\/\"},\"wordCount\":1953,\"commentCount\":0,\"publisher\":{\"@id\":\"https:\/\/www.eneroarquitectura.com\/#organization\"},\"image\":{\"@id\":\"https:\/\/www.eneroarquitectura.com\/ca\/adaptabilitat-tecnologia-i-humanitzacio-despais-sanitaris-projectes-hospitalaris-de-enero-arquitectura\/#primaryimage\"},\"thumbnailUrl\":\"https:\/\/www.eneroarquitectura.com\/wp-content\/uploads\/2022\/04\/Centro-Protones013.jpg\",\"articleSection\":[\"Arquitectura hospital\u00e0ria\"],\"inLanguage\":\"ca\",\"potentialAction\":[{\"@type\":\"CommentAction\",\"name\":\"Comment\",\"target\":[\"https:\/\/www.eneroarquitectura.com\/ca\/adaptabilitat-tecnologia-i-humanitzacio-despais-sanitaris-projectes-hospitalaris-de-enero-arquitectura\/#respond\"]}]},{\"@type\":\"WebPage\",\"@id\":\"https:\/\/www.eneroarquitectura.com\/ca\/adaptabilitat-tecnologia-i-humanitzacio-despais-sanitaris-projectes-hospitalaris-de-enero-arquitectura\/\",\"url\":\"https:\/\/www.eneroarquitectura.com\/ca\/adaptabilitat-tecnologia-i-humanitzacio-despais-sanitaris-projectes-hospitalaris-de-enero-arquitectura\/\",\"name\":\"Adaptabilitat, tecnologia i humanitzaci\u00f3 d'espais sanitaris: Projectes hospitalaris de ENERO Arquitectura | Enero Arquitectura | Arquitectura hospitalaria\",\"isPartOf\":{\"@id\":\"https:\/\/www.eneroarquitectura.com\/#website\"},\"primaryImageOfPage\":{\"@id\":\"https:\/\/www.eneroarquitectura.com\/ca\/adaptabilitat-tecnologia-i-humanitzacio-despais-sanitaris-projectes-hospitalaris-de-enero-arquitectura\/#primaryimage\"},\"image\":{\"@id\":\"https:\/\/www.eneroarquitectura.com\/ca\/adaptabilitat-tecnologia-i-humanitzacio-despais-sanitaris-projectes-hospitalaris-de-enero-arquitectura\/#primaryimage\"},\"thumbnailUrl\":\"https:\/\/www.eneroarquitectura.com\/wp-content\/uploads\/2022\/04\/Centro-Protones013.jpg\",\"datePublished\":\"2022-04-03T08:08:13+00:00\",\"dateModified\":\"2022-04-08T15:51:12+00:00\",\"description\":\"ENERO ha demostrat una gran adaptabilitat en els seus projectes hospitalaris, enfront dels canvis constants de la societat. Coneix-los!\",\"breadcrumb\":{\"@id\":\"https:\/\/www.eneroarquitectura.com\/ca\/adaptabilitat-tecnologia-i-humanitzacio-despais-sanitaris-projectes-hospitalaris-de-enero-arquitectura\/#breadcrumb\"},\"inLanguage\":\"ca\",\"potentialAction\":[{\"@type\":\"ReadAction\",\"target\":[\"https:\/\/www.eneroarquitectura.com\/ca\/adaptabilitat-tecnologia-i-humanitzacio-despais-sanitaris-projectes-hospitalaris-de-enero-arquitectura\/\"]}]},{\"@type\":\"ImageObject\",\"inLanguage\":\"ca\",\"@id\":\"https:\/\/www.eneroarquitectura.com\/ca\/adaptabilitat-tecnologia-i-humanitzacio-despais-sanitaris-projectes-hospitalaris-de-enero-arquitectura\/#primaryimage\",\"url\":\"https:\/\/www.eneroarquitectura.com\/wp-content\/uploads\/2022\/04\/Centro-Protones013.jpg\",\"contentUrl\":\"https:\/\/www.eneroarquitectura.com\/wp-content\/uploads\/2022\/04\/Centro-Protones013.jpg\",\"width\":1000,\"height\":664},{\"@type\":\"BreadcrumbList\",\"@id\":\"https:\/\/www.eneroarquitectura.com\/ca\/adaptabilitat-tecnologia-i-humanitzacio-despais-sanitaris-projectes-hospitalaris-de-enero-arquitectura\/#breadcrumb\",\"itemListElement\":[{\"@type\":\"ListItem\",\"position\":1,\"name\":\"Portada\",\"item\":\"https:\/\/www.eneroarquitectura.com\/ca\/\"},{\"@type\":\"ListItem\",\"position\":2,\"name\":\"Adaptabilitat, tecnologia i humanitzaci\u00f3 d&#8217;espais sanitaris: Projectes hospitalaris de ENERO Arquitectura\"}]},{\"@type\":\"WebSite\",\"@id\":\"https:\/\/www.eneroarquitectura.com\/#website\",\"url\":\"https:\/\/www.eneroarquitectura.com\/\",\"name\":\"Enero Arquitectura\",\"description\":\"Estudio de arquitectura, referente de la arquitectura hospitalaria en Espa\u00f1a, con m\u00e1s de 2.000.000 m2 de proyectos realizados.\",\"publisher\":{\"@id\":\"https:\/\/www.eneroarquitectura.com\/#organization\"},\"potentialAction\":[{\"@type\":\"SearchAction\",\"target\":{\"@type\":\"EntryPoint\",\"urlTemplate\":\"https:\/\/www.eneroarquitectura.com\/?s={search_term_string}\"},\"query-input\":{\"@type\":\"PropertyValueSpecification\",\"valueRequired\":true,\"valueName\":\"search_term_string\"}}],\"inLanguage\":\"ca\"},{\"@type\":\"Organization\",\"@id\":\"https:\/\/www.eneroarquitectura.com\/#organization\",\"name\":\"ENERO ARQUITECTURA SLP\",\"url\":\"https:\/\/www.eneroarquitectura.com\/\",\"logo\":{\"@type\":\"ImageObject\",\"inLanguage\":\"ca\",\"@id\":\"https:\/\/www.eneroarquitectura.com\/#\/schema\/logo\/image\/\",\"url\":\"https:\/\/www.eneroarquitectura.com\/wp-content\/uploads\/2021\/12\/LOGO-ENERO2.png\",\"contentUrl\":\"https:\/\/www.eneroarquitectura.com\/wp-content\/uploads\/2021\/12\/LOGO-ENERO2.png\",\"width\":2382,\"height\":365,\"caption\":\"ENERO ARQUITECTURA SLP\"},\"image\":{\"@id\":\"https:\/\/www.eneroarquitectura.com\/#\/schema\/logo\/image\/\"},\"sameAs\":[\"https:\/\/es-es.facebook.com\/eneroarquitectura\/\",\"https:\/\/x.com\/eneroarq\",\"https:\/\/www.instagram.com\/eneroarquitectura\/?hl=es\",\"https:\/\/es.linkedin.com\/company\/eneroarquitectura\",\"https:\/\/www.pinterest.es\/eneroarq\/\",\"https:\/\/www.youtube.com\/channel\/UClpI42aeTDSRoK9Ldx8cACw\"]},{\"@type\":\"Person\",\"@id\":\"https:\/\/www.eneroarquitectura.com\/#\/schema\/person\/ed71fc964241a3bdef30907c52c57de5\",\"name\":\"admin_ENERO\",\"image\":{\"@type\":\"ImageObject\",\"inLanguage\":\"ca\",\"@id\":\"https:\/\/www.eneroarquitectura.com\/#\/schema\/person\/image\/\",\"url\":\"https:\/\/secure.gravatar.com\/avatar\/8bca979d5344ed51c80b9b3cc530c6df1f44cbb592131e08468087b4b7eb68ca?s=96&d=mm&r=g\",\"contentUrl\":\"https:\/\/secure.gravatar.com\/avatar\/8bca979d5344ed51c80b9b3cc530c6df1f44cbb592131e08468087b4b7eb68ca?s=96&d=mm&r=g\",\"caption\":\"admin_ENERO\"},\"sameAs\":[\"https:\/\/x.com\/admin_enero\"],\"url\":\"https:\/\/www.eneroarquitectura.com\/ca\/author\/admin_enero\/\"}]}<\/script>\n<!-- \/ Yoast SEO plugin. -->","yoast_head_json":{"title":"Adaptabilitat, tecnologia i humanitzaci\u00f3 d'espais sanitaris: Projectes hospitalaris de ENERO Arquitectura | Enero Arquitectura | Arquitectura hospitalaria","description":"ENERO ha demostrat una gran adaptabilitat en els seus projectes hospitalaris, enfront dels canvis constants de la societat. Coneix-los!","robots":{"index":"index","follow":"follow","max-snippet":"max-snippet:-1","max-image-preview":"max-image-preview:large","max-video-preview":"max-video-preview:-1"},"canonical":"https:\/\/www.eneroarquitectura.com\/ca\/adaptabilitat-tecnologia-i-humanitzacio-despais-sanitaris-projectes-hospitalaris-de-enero-arquitectura\/","og_locale":"ca_ES","og_type":"article","og_title":"Adaptabilitat, tecnologia i humanitzaci\u00f3 d'espais sanitaris: Projectes hospitalaris de ENERO Arquitectura | Enero Arquitectura | Arquitectura hospitalaria","og_description":"ENERO ha demostrat una gran adaptabilitat en els seus projectes hospitalaris, enfront dels canvis constants de la societat. Coneix-los!","og_url":"https:\/\/www.eneroarquitectura.com\/ca\/adaptabilitat-tecnologia-i-humanitzacio-despais-sanitaris-projectes-hospitalaris-de-enero-arquitectura\/","og_site_name":"Enero Arquitectura","article_publisher":"https:\/\/es-es.facebook.com\/eneroarquitectura\/","article_published_time":"2022-04-03T08:08:13+00:00","article_modified_time":"2022-04-08T15:51:12+00:00","og_image":[{"width":1000,"height":664,"url":"https:\/\/www.eneroarquitectura.com\/wp-content\/uploads\/2022\/04\/Centro-Protones013.jpg","type":"image\/jpeg"}],"author":"admin_ENERO","twitter_card":"summary_large_image","twitter_creator":"@admin_enero","twitter_site":"@eneroarq","twitter_misc":{"Escrit per":"admin_ENERO","Temps estimat de lectura":"9 minuts"},"schema":{"@context":"https:\/\/schema.org","@graph":[{"@type":"Article","@id":"https:\/\/www.eneroarquitectura.com\/ca\/adaptabilitat-tecnologia-i-humanitzacio-despais-sanitaris-projectes-hospitalaris-de-enero-arquitectura\/#article","isPartOf":{"@id":"https:\/\/www.eneroarquitectura.com\/ca\/adaptabilitat-tecnologia-i-humanitzacio-despais-sanitaris-projectes-hospitalaris-de-enero-arquitectura\/"},"author":{"name":"admin_ENERO","@id":"https:\/\/www.eneroarquitectura.com\/#\/schema\/person\/ed71fc964241a3bdef30907c52c57de5"},"headline":"Adaptabilitat, tecnologia i humanitzaci\u00f3 d&#8217;espais sanitaris: Projectes hospitalaris de ENERO Arquitectura","datePublished":"2022-04-03T08:08:13+00:00","dateModified":"2022-04-08T15:51:12+00:00","mainEntityOfPage":{"@id":"https:\/\/www.eneroarquitectura.com\/ca\/adaptabilitat-tecnologia-i-humanitzacio-despais-sanitaris-projectes-hospitalaris-de-enero-arquitectura\/"},"wordCount":1953,"commentCount":0,"publisher":{"@id":"https:\/\/www.eneroarquitectura.com\/#organization"},"image":{"@id":"https:\/\/www.eneroarquitectura.com\/ca\/adaptabilitat-tecnologia-i-humanitzacio-despais-sanitaris-projectes-hospitalaris-de-enero-arquitectura\/#primaryimage"},"thumbnailUrl":"https:\/\/www.eneroarquitectura.com\/wp-content\/uploads\/2022\/04\/Centro-Protones013.jpg","articleSection":["Arquitectura hospital\u00e0ria"],"inLanguage":"ca","potentialAction":[{"@type":"CommentAction","name":"Comment","target":["https:\/\/www.eneroarquitectura.com\/ca\/adaptabilitat-tecnologia-i-humanitzacio-despais-sanitaris-projectes-hospitalaris-de-enero-arquitectura\/#respond"]}]},{"@type":"WebPage","@id":"https:\/\/www.eneroarquitectura.com\/ca\/adaptabilitat-tecnologia-i-humanitzacio-despais-sanitaris-projectes-hospitalaris-de-enero-arquitectura\/","url":"https:\/\/www.eneroarquitectura.com\/ca\/adaptabilitat-tecnologia-i-humanitzacio-despais-sanitaris-projectes-hospitalaris-de-enero-arquitectura\/","name":"Adaptabilitat, tecnologia i humanitzaci\u00f3 d'espais sanitaris: Projectes hospitalaris de ENERO Arquitectura | Enero Arquitectura | Arquitectura hospitalaria","isPartOf":{"@id":"https:\/\/www.eneroarquitectura.com\/#website"},"primaryImageOfPage":{"@id":"https:\/\/www.eneroarquitectura.com\/ca\/adaptabilitat-tecnologia-i-humanitzacio-despais-sanitaris-projectes-hospitalaris-de-enero-arquitectura\/#primaryimage"},"image":{"@id":"https:\/\/www.eneroarquitectura.com\/ca\/adaptabilitat-tecnologia-i-humanitzacio-despais-sanitaris-projectes-hospitalaris-de-enero-arquitectura\/#primaryimage"},"thumbnailUrl":"https:\/\/www.eneroarquitectura.com\/wp-content\/uploads\/2022\/04\/Centro-Protones013.jpg","datePublished":"2022-04-03T08:08:13+00:00","dateModified":"2022-04-08T15:51:12+00:00","description":"ENERO ha demostrat una gran adaptabilitat en els seus projectes hospitalaris, enfront dels canvis constants de la societat. Coneix-los!","breadcrumb":{"@id":"https:\/\/www.eneroarquitectura.com\/ca\/adaptabilitat-tecnologia-i-humanitzacio-despais-sanitaris-projectes-hospitalaris-de-enero-arquitectura\/#breadcrumb"},"inLanguage":"ca","potentialAction":[{"@type":"ReadAction","target":["https:\/\/www.eneroarquitectura.com\/ca\/adaptabilitat-tecnologia-i-humanitzacio-despais-sanitaris-projectes-hospitalaris-de-enero-arquitectura\/"]}]},{"@type":"ImageObject","inLanguage":"ca","@id":"https:\/\/www.eneroarquitectura.com\/ca\/adaptabilitat-tecnologia-i-humanitzacio-despais-sanitaris-projectes-hospitalaris-de-enero-arquitectura\/#primaryimage","url":"https:\/\/www.eneroarquitectura.com\/wp-content\/uploads\/2022\/04\/Centro-Protones013.jpg","contentUrl":"https:\/\/www.eneroarquitectura.com\/wp-content\/uploads\/2022\/04\/Centro-Protones013.jpg","width":1000,"height":664},{"@type":"BreadcrumbList","@id":"https:\/\/www.eneroarquitectura.com\/ca\/adaptabilitat-tecnologia-i-humanitzacio-despais-sanitaris-projectes-hospitalaris-de-enero-arquitectura\/#breadcrumb","itemListElement":[{"@type":"ListItem","position":1,"name":"Portada","item":"https:\/\/www.eneroarquitectura.com\/ca\/"},{"@type":"ListItem","position":2,"name":"Adaptabilitat, tecnologia i humanitzaci\u00f3 d&#8217;espais sanitaris: Projectes hospitalaris de ENERO Arquitectura"}]},{"@type":"WebSite","@id":"https:\/\/www.eneroarquitectura.com\/#website","url":"https:\/\/www.eneroarquitectura.com\/","name":"Enero Arquitectura","description":"Estudio de arquitectura, referente de la arquitectura hospitalaria en Espa\u00f1a, con m\u00e1s de 2.000.000 m2 de proyectos realizados.","publisher":{"@id":"https:\/\/www.eneroarquitectura.com\/#organization"},"potentialAction":[{"@type":"SearchAction","target":{"@type":"EntryPoint","urlTemplate":"https:\/\/www.eneroarquitectura.com\/?s={search_term_string}"},"query-input":{"@type":"PropertyValueSpecification","valueRequired":true,"valueName":"search_term_string"}}],"inLanguage":"ca"},{"@type":"Organization","@id":"https:\/\/www.eneroarquitectura.com\/#organization","name":"ENERO ARQUITECTURA SLP","url":"https:\/\/www.eneroarquitectura.com\/","logo":{"@type":"ImageObject","inLanguage":"ca","@id":"https:\/\/www.eneroarquitectura.com\/#\/schema\/logo\/image\/","url":"https:\/\/www.eneroarquitectura.com\/wp-content\/uploads\/2021\/12\/LOGO-ENERO2.png","contentUrl":"https:\/\/www.eneroarquitectura.com\/wp-content\/uploads\/2021\/12\/LOGO-ENERO2.png","width":2382,"height":365,"caption":"ENERO ARQUITECTURA SLP"},"image":{"@id":"https:\/\/www.eneroarquitectura.com\/#\/schema\/logo\/image\/"},"sameAs":["https:\/\/es-es.facebook.com\/eneroarquitectura\/","https:\/\/x.com\/eneroarq","https:\/\/www.instagram.com\/eneroarquitectura\/?hl=es","https:\/\/es.linkedin.com\/company\/eneroarquitectura","https:\/\/www.pinterest.es\/eneroarq\/","https:\/\/www.youtube.com\/channel\/UClpI42aeTDSRoK9Ldx8cACw"]},{"@type":"Person","@id":"https:\/\/www.eneroarquitectura.com\/#\/schema\/person\/ed71fc964241a3bdef30907c52c57de5","name":"admin_ENERO","image":{"@type":"ImageObject","inLanguage":"ca","@id":"https:\/\/www.eneroarquitectura.com\/#\/schema\/person\/image\/","url":"https:\/\/secure.gravatar.com\/avatar\/8bca979d5344ed51c80b9b3cc530c6df1f44cbb592131e08468087b4b7eb68ca?s=96&d=mm&r=g","contentUrl":"https:\/\/secure.gravatar.com\/avatar\/8bca979d5344ed51c80b9b3cc530c6df1f44cbb592131e08468087b4b7eb68ca?s=96&d=mm&r=g","caption":"admin_ENERO"},"sameAs":["https:\/\/x.com\/admin_enero"],"url":"https:\/\/www.eneroarquitectura.com\/ca\/author\/admin_enero\/"}]}},"_links":{"self":[{"href":"https:\/\/www.eneroarquitectura.com\/ca\/wp-json\/wp\/v2\/posts\/4822","targetHints":{"allow":["GET"]}}],"collection":[{"href":"https:\/\/www.eneroarquitectura.com\/ca\/wp-json\/wp\/v2\/posts"}],"about":[{"href":"https:\/\/www.eneroarquitectura.com\/ca\/wp-json\/wp\/v2\/types\/post"}],"author":[{"embeddable":true,"href":"https:\/\/www.eneroarquitectura.com\/ca\/wp-json\/wp\/v2\/users\/1"}],"replies":[{"embeddable":true,"href":"https:\/\/www.eneroarquitectura.com\/ca\/wp-json\/wp\/v2\/comments?post=4822"}],"version-history":[{"count":5,"href":"https:\/\/www.eneroarquitectura.com\/ca\/wp-json\/wp\/v2\/posts\/4822\/revisions"}],"predecessor-version":[{"id":4842,"href":"https:\/\/www.eneroarquitectura.com\/ca\/wp-json\/wp\/v2\/posts\/4822\/revisions\/4842"}],"wp:featuredmedia":[{"embeddable":true,"href":"https:\/\/www.eneroarquitectura.com\/ca\/wp-json\/wp\/v2\/media\/4825"}],"wp:attachment":[{"href":"https:\/\/www.eneroarquitectura.com\/ca\/wp-json\/wp\/v2\/media?parent=4822"}],"wp:term":[{"taxonomy":"category","embeddable":true,"href":"https:\/\/www.eneroarquitectura.com\/ca\/wp-json\/wp\/v2\/categories?post=4822"},{"taxonomy":"post_tag","embeddable":true,"href":"https:\/\/www.eneroarquitectura.com\/ca\/wp-json\/wp\/v2\/tags?post=4822"}],"curies":[{"name":"wp","href":"https:\/\/api.w.org\/{rel}","templated":true}]}}