{"id":4875,"date":"2022-04-29T12:53:03","date_gmt":"2022-04-29T12:53:03","guid":{"rendered":"https:\/\/www.eneroarquitectura.com\/?p=4875"},"modified":"2022-05-03T08:10:28","modified_gmt":"2022-05-03T08:10:28","slug":"arquitectura-per-a-medicina-nuclear-a-lhospital-universitari-fundacio-jimenez-diaz","status":"publish","type":"post","link":"https:\/\/www.eneroarquitectura.com\/ca\/arquitectura-per-a-medicina-nuclear-a-lhospital-universitari-fundacio-jimenez-diaz\/","title":{"rendered":"Arquitectura per a Medicina Nuclear a l&#8217;Hospital Universitari Fundaci\u00f3 Jim\u00e9nez D\u00edaz"},"content":{"rendered":"<p>[vc_row][vc_column][vc_column_text]L&#8217;avan\u00e7 de la recerca i la tecnologia ha perm\u00e8s desenvolupar, especialment en l&#8217;\u00faltim segle, ter\u00e0pies i tractaments innovadors que han propiciat una evoluci\u00f3 mai abans vista en l&#8217;\u00e0mbit de la medicina. Una de les especialitats que s&#8217;est\u00e0 convertint en imprescindible, tant per al diagn\u00f2stic com per al tractament de diferents malalties, \u00e9s la Medicina Nuclear, una disciplina que utilitza petites quantitats de materials radioactius anomenats radioones que generalment s&#8217;injecten en el torrent sanguini, s&#8217;inhalen o s&#8217;empassen. La medicina nuclear proporciona informaci\u00f3 \u00fanica que generalment no es pot obtenir utilitzant altres procediments de presa d&#8217;imatges, i ofereix la possibilitat d&#8217;identificar i tractar malalties, a vegades, de forma menys invasiva que amb altres procediments. Al gener Arquitectura estem especialment involucrats amb aquesta especialitat, havent realitzat dos importants projectes en aquest \u00e0mbit: el Primer <strong>Centre de Protonter\u00e1pia d&#8217;Espanya<\/strong>, del qual parl\u00e0vem en aquest post, i l&#8217;\u00e0rea de <strong>medicina nuclear de l&#8217;Hospital Universitari Fundaci\u00f3 Jim\u00e9nez D\u00edaz<\/strong>, integrat dins del marc del pla director de remodelaci\u00f3 integral del centre desenvolupat pel nostre estudi i en marxa des de 2009.<\/p>\n<p>&nbsp;<\/p>\n<p><img loading=\"lazy\" decoding=\"async\" class=\"aligncenter size-full wp-image-4870\" src=\"https:\/\/www.eneroarquitectura.com\/wp-content\/uploads\/2022\/04\/DSC4024.jpg\" alt=\"\" width=\"1024\" height=\"662\" srcset=\"https:\/\/www.eneroarquitectura.com\/wp-content\/uploads\/2022\/04\/DSC4024.jpg 1024w, https:\/\/www.eneroarquitectura.com\/wp-content\/uploads\/2022\/04\/DSC4024-300x194.jpg 300w, https:\/\/www.eneroarquitectura.com\/wp-content\/uploads\/2022\/04\/DSC4024-768x497.jpg 768w\" sizes=\"auto, (max-width: 1024px) 100vw, 1024px\" \/><\/p>\n<h3>Arquitectura per a medicina nuclear<\/h3>\n<p><strong>\u00c0rea de medina nuclear de l&#8217;Hospital Universitari Fundaci\u00f3 Jim\u00e9nez D\u00edaz<\/strong><\/p>\n<p>En el cas del nou \u00e0rea de medicina nuclear de l&#8217;Hospital Universitari Fundaci\u00f3 Jim\u00e9nez D\u00edaz, un dels majors reptes als quals vam haver de fer front va ser l&#8217;adaptaci\u00f3 i refor\u00e7 de l&#8217;estructura d&#8217;un edifici dels anys 50 a les necessitats d&#8217;una zona que, per la seva funcionalitat, havia d&#8217;estar completament a\u00efllada amb revestiment de plom i, a m\u00e9s, integrar 3 equips electrom\u00e8dics d&#8217;\u00faltima tecnologia que requerien d&#8217;un sistema d&#8217;instal\u00b7laci\u00f3 mil\u00b7lim\u00e8tric i altament complex. Aquesta zona compta en total amb 560m2 en els quals s&#8217;inclouen tant els espais propis de la unitat com els espais de circulaci\u00f3 de pacients. El projecte es compon de dues zones globals:<\/p>\n<ul>\n<li>La zona \u201cfreda\u201d: Formada per les \u00e0rees d&#8217;espera generals, admissi\u00f3 de pacients, sales de treball i de preparaci\u00f3 d&#8217;informes per als facultatius, i un despatx\/consulta per al cap de servei.<\/li>\n<li>La zona \u201ccalenta\u201d: Que compr\u00e8n els espais de diagn\u00f2stic (sala *PET-TC, *SPECT-TC i sales de control); les zones d&#8217;espera de pacients abans de les proves, compostes per 5 boxs i 4 cabines de vestuari; una sala d&#8217;espera amb lavabos i la sala de preparaci\u00f3 de dosi denominada \u201c*Gammateca\u201d, amb espai propi de preparaci\u00f3 de pacients.<\/li>\n<\/ul>\n<h3><img loading=\"lazy\" decoding=\"async\" class=\"aligncenter size-full wp-image-4871\" src=\"https:\/\/www.eneroarquitectura.com\/wp-content\/uploads\/2022\/04\/DSC4072.jpg\" alt=\"\" width=\"1024\" height=\"691\" srcset=\"https:\/\/www.eneroarquitectura.com\/wp-content\/uploads\/2022\/04\/DSC4072.jpg 1024w, https:\/\/www.eneroarquitectura.com\/wp-content\/uploads\/2022\/04\/DSC4072-300x202.jpg 300w, https:\/\/www.eneroarquitectura.com\/wp-content\/uploads\/2022\/04\/DSC4072-768x518.jpg 768w\" sizes=\"auto, (max-width: 1024px) 100vw, 1024px\" \/><\/h3>\n<h3>Quins aspectes es van considerar per a dissenyar l&#8217;arquitectura per a medicina nuclear?<\/h3>\n<p>La integraci\u00f3 d&#8217;aquests equips va requerir una precisi\u00f3 mil\u00b7lim\u00e8trica en l&#8217;obra per a encaixar en una altura molt redu\u00efda d&#8217;origen a les noves peces. A m\u00e9s, les estructures de refor\u00e7 per a la reforma havien de suportar la plomada necess\u00e0ria per a l&#8217;a\u00efllament dels equips. L&#8217;espai d&#8217;esterilitzaci\u00f3 situat en el pis inferior va haver de ser refor\u00e7at superiorment per a assegurar el repartiment de la nova c\u00e0rrega en l&#8217;estructura.<\/p>\n<div id=\"attachment_4872\" style=\"width: 1034px\" class=\"wp-caption aligncenter\"><img loading=\"lazy\" decoding=\"async\" aria-describedby=\"caption-attachment-4872\" class=\"size-full wp-image-4872\" src=\"https:\/\/www.eneroarquitectura.com\/wp-content\/uploads\/2022\/04\/Jorge-Allende_-Unidad-Medicina-Nuclear-FJD.jpg\" alt=\"\" width=\"1024\" height=\"624\" srcset=\"https:\/\/www.eneroarquitectura.com\/wp-content\/uploads\/2022\/04\/Jorge-Allende_-Unidad-Medicina-Nuclear-FJD.jpg 1024w, https:\/\/www.eneroarquitectura.com\/wp-content\/uploads\/2022\/04\/Jorge-Allende_-Unidad-Medicina-Nuclear-FJD-300x183.jpg 300w, https:\/\/www.eneroarquitectura.com\/wp-content\/uploads\/2022\/04\/Jorge-Allende_-Unidad-Medicina-Nuclear-FJD-768x468.jpg 768w\" sizes=\"auto, (max-width: 1024px) 100vw, 1024px\" \/><p id=\"caption-attachment-4872\" class=\"wp-caption-text\">Fotograf\u00eda de Jorge Allende<\/p><\/div>\n<h3>ENERO a l&#8217;avantguarda de l&#8217;arquitectura per a medicina nuclear<\/h3>\n<p>Propiciar la humanitzaci\u00f3 dels diferents espais hospitalaris \u00e9s una labor que ENERO Arquitectura ha estat desenvolupant al llarg dels anys. Adequar aquesta vital caracter\u00edstica a l&#8217;arquitectura pr\u00f2pia de cada espai, ha estat tot un desafiament. Dissenyar un espai on l&#8217;arquitectura per a medicina nuclear conjugu\u00e9s amb la projecci\u00f3 d&#8217;entorns amables que contribu\u00efssin a mantenir el benestar dels pacients, ha estat un repte que ENERO ha aconseguit complir satisfact\u00f2riament.<\/p>\n<p>&nbsp;<\/p>\n<p>Una premissa que \u00e9s present per al desenvolupament de tots els espais que integren els centres sanitaris desenvolupats per l&#8217;estudi en els quals l&#8217;usuari \u00e9s l&#8217;epicentre del nostre treball.<\/p>\n<p>&nbsp;<\/p>\n<p>Pots con\u00e8ixer m\u00e9s sobre la preservaci\u00f3 del patrimoni arquitect\u00f2nic de l&#8217;Hospital Universitari Fundaci\u00f3 Jim\u00e9nez D\u00edaz en la seg\u00fcent nota.<\/p>\n<p>&nbsp;<\/p>\n<div id=\"attachment_4873\" style=\"width: 1034px\" class=\"wp-caption aligncenter\"><img loading=\"lazy\" decoding=\"async\" aria-describedby=\"caption-attachment-4873\" class=\"wp-image-4873 size-full\" src=\"https:\/\/www.eneroarquitectura.com\/wp-content\/uploads\/2022\/04\/Jorge-Allende_-Unidad-Medicina-Nuclear-FJD2-1.jpg\" alt=\"\" width=\"1024\" height=\"655\" srcset=\"https:\/\/www.eneroarquitectura.com\/wp-content\/uploads\/2022\/04\/Jorge-Allende_-Unidad-Medicina-Nuclear-FJD2-1.jpg 1024w, https:\/\/www.eneroarquitectura.com\/wp-content\/uploads\/2022\/04\/Jorge-Allende_-Unidad-Medicina-Nuclear-FJD2-1-300x192.jpg 300w, https:\/\/www.eneroarquitectura.com\/wp-content\/uploads\/2022\/04\/Jorge-Allende_-Unidad-Medicina-Nuclear-FJD2-1-768x491.jpg 768w\" sizes=\"auto, (max-width: 1024px) 100vw, 1024px\" \/><p id=\"caption-attachment-4873\" class=\"wp-caption-text\">Fotograf\u00eda de Jorge Allende<\/p><\/div>\n<p>[\/vc_column_text][\/vc_column][\/vc_row]<\/p>\n","protected":false},"excerpt":{"rendered":"<p>Coneix sobre el desafiament de dissenyar l&#8217;arquitectura per a medicina nuclear i altres espais a l&#8217;Hospital Universitari Fundaci\u00f3 Jim\u00e9nez D\u00edaz<\/p>\n","protected":false},"author":1,"featured_media":4869,"comment_status":"open","ping_status":"open","sticky":false,"template":"","format":"standard","meta":{"footnotes":""},"categories":[229],"tags":[],"class_list":["post-4875","post","type-post","status-publish","format-standard","has-post-thumbnail","hentry","category-arquitectura-hospitalaria"],"yoast_head":"<!-- This site is optimized with the Yoast SEO plugin v26.4 - https:\/\/yoast.com\/wordpress\/plugins\/seo\/ -->\n<title>Arquitectura per a Medicina Nuclear a l&#039;Hospital Universitari Fundaci\u00f3 Jim\u00e9nez D\u00edaz | Enero Arquitectura | Arquitectura hospitalaria<\/title>\n<meta name=\"description\" content=\"Coneix sobre el desafiament de dissenyar l&#039;arquitectura per a medicina nuclear i altres espais a l&#039;Hospital Universitari Fundaci\u00f3 Jim\u00e9nez D\u00edaz\" \/>\n<meta name=\"robots\" content=\"index, follow, max-snippet:-1, max-image-preview:large, max-video-preview:-1\" \/>\n<link rel=\"canonical\" href=\"https:\/\/www.eneroarquitectura.com\/ca\/arquitectura-per-a-medicina-nuclear-a-lhospital-universitari-fundacio-jimenez-diaz\/\" \/>\n<meta property=\"og:locale\" content=\"ca_ES\" \/>\n<meta property=\"og:type\" content=\"article\" \/>\n<meta property=\"og:title\" content=\"Arquitectura per a Medicina Nuclear a l&#039;Hospital Universitari Fundaci\u00f3 Jim\u00e9nez D\u00edaz | Enero Arquitectura | Arquitectura hospitalaria\" \/>\n<meta property=\"og:description\" content=\"Coneix sobre el desafiament de dissenyar l&#039;arquitectura per a medicina nuclear i altres espais a l&#039;Hospital Universitari Fundaci\u00f3 Jim\u00e9nez D\u00edaz\" \/>\n<meta property=\"og:url\" content=\"https:\/\/www.eneroarquitectura.com\/ca\/arquitectura-per-a-medicina-nuclear-a-lhospital-universitari-fundacio-jimenez-diaz\/\" \/>\n<meta property=\"og:site_name\" content=\"Enero Arquitectura\" \/>\n<meta property=\"article:publisher\" content=\"https:\/\/es-es.facebook.com\/eneroarquitectura\/\" \/>\n<meta property=\"article:published_time\" content=\"2022-04-29T12:53:03+00:00\" \/>\n<meta property=\"article:modified_time\" content=\"2022-05-03T08:10:28+00:00\" \/>\n<meta property=\"og:image\" content=\"https:\/\/www.eneroarquitectura.com\/wp-content\/uploads\/2022\/04\/DSC3801.jpg\" \/>\n\t<meta property=\"og:image:width\" content=\"1024\" \/>\n\t<meta property=\"og:image:height\" content=\"655\" \/>\n\t<meta property=\"og:image:type\" content=\"image\/jpeg\" \/>\n<meta name=\"author\" content=\"admin_ENERO\" \/>\n<meta name=\"twitter:card\" content=\"summary_large_image\" \/>\n<meta name=\"twitter:creator\" content=\"@admin_enero\" \/>\n<meta name=\"twitter:site\" content=\"@eneroarq\" \/>\n<meta name=\"twitter:label1\" content=\"Escrit per\" \/>\n\t<meta name=\"twitter:data1\" content=\"admin_ENERO\" \/>\n\t<meta name=\"twitter:label2\" content=\"Temps estimat de lectura\" \/>\n\t<meta name=\"twitter:data2\" content=\"3 minuts\" \/>\n<script type=\"application\/ld+json\" class=\"yoast-schema-graph\">{\"@context\":\"https:\/\/schema.org\",\"@graph\":[{\"@type\":\"Article\",\"@id\":\"https:\/\/www.eneroarquitectura.com\/ca\/arquitectura-per-a-medicina-nuclear-a-lhospital-universitari-fundacio-jimenez-diaz\/#article\",\"isPartOf\":{\"@id\":\"https:\/\/www.eneroarquitectura.com\/ca\/arquitectura-per-a-medicina-nuclear-a-lhospital-universitari-fundacio-jimenez-diaz\/\"},\"author\":{\"name\":\"admin_ENERO\",\"@id\":\"https:\/\/www.eneroarquitectura.com\/#\/schema\/person\/ed71fc964241a3bdef30907c52c57de5\"},\"headline\":\"Arquitectura per a Medicina Nuclear a l&#8217;Hospital Universitari Fundaci\u00f3 Jim\u00e9nez D\u00edaz\",\"datePublished\":\"2022-04-29T12:53:03+00:00\",\"dateModified\":\"2022-05-03T08:10:28+00:00\",\"mainEntityOfPage\":{\"@id\":\"https:\/\/www.eneroarquitectura.com\/ca\/arquitectura-per-a-medicina-nuclear-a-lhospital-universitari-fundacio-jimenez-diaz\/\"},\"wordCount\":722,\"commentCount\":0,\"publisher\":{\"@id\":\"https:\/\/www.eneroarquitectura.com\/#organization\"},\"image\":{\"@id\":\"https:\/\/www.eneroarquitectura.com\/ca\/arquitectura-per-a-medicina-nuclear-a-lhospital-universitari-fundacio-jimenez-diaz\/#primaryimage\"},\"thumbnailUrl\":\"https:\/\/www.eneroarquitectura.com\/wp-content\/uploads\/2022\/04\/DSC3801.jpg\",\"articleSection\":[\"Arquitectura hospital\u00e0ria\"],\"inLanguage\":\"ca\",\"potentialAction\":[{\"@type\":\"CommentAction\",\"name\":\"Comment\",\"target\":[\"https:\/\/www.eneroarquitectura.com\/ca\/arquitectura-per-a-medicina-nuclear-a-lhospital-universitari-fundacio-jimenez-diaz\/#respond\"]}]},{\"@type\":\"WebPage\",\"@id\":\"https:\/\/www.eneroarquitectura.com\/ca\/arquitectura-per-a-medicina-nuclear-a-lhospital-universitari-fundacio-jimenez-diaz\/\",\"url\":\"https:\/\/www.eneroarquitectura.com\/ca\/arquitectura-per-a-medicina-nuclear-a-lhospital-universitari-fundacio-jimenez-diaz\/\",\"name\":\"Arquitectura per a Medicina Nuclear a l'Hospital Universitari Fundaci\u00f3 Jim\u00e9nez D\u00edaz | Enero Arquitectura | Arquitectura hospitalaria\",\"isPartOf\":{\"@id\":\"https:\/\/www.eneroarquitectura.com\/#website\"},\"primaryImageOfPage\":{\"@id\":\"https:\/\/www.eneroarquitectura.com\/ca\/arquitectura-per-a-medicina-nuclear-a-lhospital-universitari-fundacio-jimenez-diaz\/#primaryimage\"},\"image\":{\"@id\":\"https:\/\/www.eneroarquitectura.com\/ca\/arquitectura-per-a-medicina-nuclear-a-lhospital-universitari-fundacio-jimenez-diaz\/#primaryimage\"},\"thumbnailUrl\":\"https:\/\/www.eneroarquitectura.com\/wp-content\/uploads\/2022\/04\/DSC3801.jpg\",\"datePublished\":\"2022-04-29T12:53:03+00:00\",\"dateModified\":\"2022-05-03T08:10:28+00:00\",\"description\":\"Coneix sobre el desafiament de dissenyar l'arquitectura per a medicina nuclear i altres espais a l'Hospital Universitari Fundaci\u00f3 Jim\u00e9nez D\u00edaz\",\"breadcrumb\":{\"@id\":\"https:\/\/www.eneroarquitectura.com\/ca\/arquitectura-per-a-medicina-nuclear-a-lhospital-universitari-fundacio-jimenez-diaz\/#breadcrumb\"},\"inLanguage\":\"ca\",\"potentialAction\":[{\"@type\":\"ReadAction\",\"target\":[\"https:\/\/www.eneroarquitectura.com\/ca\/arquitectura-per-a-medicina-nuclear-a-lhospital-universitari-fundacio-jimenez-diaz\/\"]}]},{\"@type\":\"ImageObject\",\"inLanguage\":\"ca\",\"@id\":\"https:\/\/www.eneroarquitectura.com\/ca\/arquitectura-per-a-medicina-nuclear-a-lhospital-universitari-fundacio-jimenez-diaz\/#primaryimage\",\"url\":\"https:\/\/www.eneroarquitectura.com\/wp-content\/uploads\/2022\/04\/DSC3801.jpg\",\"contentUrl\":\"https:\/\/www.eneroarquitectura.com\/wp-content\/uploads\/2022\/04\/DSC3801.jpg\",\"width\":1024,\"height\":655},{\"@type\":\"BreadcrumbList\",\"@id\":\"https:\/\/www.eneroarquitectura.com\/ca\/arquitectura-per-a-medicina-nuclear-a-lhospital-universitari-fundacio-jimenez-diaz\/#breadcrumb\",\"itemListElement\":[{\"@type\":\"ListItem\",\"position\":1,\"name\":\"Portada\",\"item\":\"https:\/\/www.eneroarquitectura.com\/ca\/\"},{\"@type\":\"ListItem\",\"position\":2,\"name\":\"Arquitectura per a Medicina Nuclear a l&#8217;Hospital Universitari Fundaci\u00f3 Jim\u00e9nez D\u00edaz\"}]},{\"@type\":\"WebSite\",\"@id\":\"https:\/\/www.eneroarquitectura.com\/#website\",\"url\":\"https:\/\/www.eneroarquitectura.com\/\",\"name\":\"Enero Arquitectura\",\"description\":\"Estudio de arquitectura, referente de la arquitectura hospitalaria en Espa\u00f1a, con m\u00e1s de 2.000.000 m2 de proyectos realizados.\",\"publisher\":{\"@id\":\"https:\/\/www.eneroarquitectura.com\/#organization\"},\"potentialAction\":[{\"@type\":\"SearchAction\",\"target\":{\"@type\":\"EntryPoint\",\"urlTemplate\":\"https:\/\/www.eneroarquitectura.com\/?s={search_term_string}\"},\"query-input\":{\"@type\":\"PropertyValueSpecification\",\"valueRequired\":true,\"valueName\":\"search_term_string\"}}],\"inLanguage\":\"ca\"},{\"@type\":\"Organization\",\"@id\":\"https:\/\/www.eneroarquitectura.com\/#organization\",\"name\":\"ENERO ARQUITECTURA SLP\",\"url\":\"https:\/\/www.eneroarquitectura.com\/\",\"logo\":{\"@type\":\"ImageObject\",\"inLanguage\":\"ca\",\"@id\":\"https:\/\/www.eneroarquitectura.com\/#\/schema\/logo\/image\/\",\"url\":\"https:\/\/www.eneroarquitectura.com\/wp-content\/uploads\/2021\/12\/LOGO-ENERO2.png\",\"contentUrl\":\"https:\/\/www.eneroarquitectura.com\/wp-content\/uploads\/2021\/12\/LOGO-ENERO2.png\",\"width\":2382,\"height\":365,\"caption\":\"ENERO ARQUITECTURA SLP\"},\"image\":{\"@id\":\"https:\/\/www.eneroarquitectura.com\/#\/schema\/logo\/image\/\"},\"sameAs\":[\"https:\/\/es-es.facebook.com\/eneroarquitectura\/\",\"https:\/\/x.com\/eneroarq\",\"https:\/\/www.instagram.com\/eneroarquitectura\/?hl=es\",\"https:\/\/es.linkedin.com\/company\/eneroarquitectura\",\"https:\/\/www.pinterest.es\/eneroarq\/\",\"https:\/\/www.youtube.com\/channel\/UClpI42aeTDSRoK9Ldx8cACw\"]},{\"@type\":\"Person\",\"@id\":\"https:\/\/www.eneroarquitectura.com\/#\/schema\/person\/ed71fc964241a3bdef30907c52c57de5\",\"name\":\"admin_ENERO\",\"image\":{\"@type\":\"ImageObject\",\"inLanguage\":\"ca\",\"@id\":\"https:\/\/www.eneroarquitectura.com\/#\/schema\/person\/image\/\",\"url\":\"https:\/\/secure.gravatar.com\/avatar\/8bca979d5344ed51c80b9b3cc530c6df1f44cbb592131e08468087b4b7eb68ca?s=96&d=mm&r=g\",\"contentUrl\":\"https:\/\/secure.gravatar.com\/avatar\/8bca979d5344ed51c80b9b3cc530c6df1f44cbb592131e08468087b4b7eb68ca?s=96&d=mm&r=g\",\"caption\":\"admin_ENERO\"},\"sameAs\":[\"https:\/\/x.com\/admin_enero\"],\"url\":\"https:\/\/www.eneroarquitectura.com\/ca\/author\/admin_enero\/\"}]}<\/script>\n<!-- \/ Yoast SEO plugin. -->","yoast_head_json":{"title":"Arquitectura per a Medicina Nuclear a l'Hospital Universitari Fundaci\u00f3 Jim\u00e9nez D\u00edaz | Enero Arquitectura | Arquitectura hospitalaria","description":"Coneix sobre el desafiament de dissenyar l'arquitectura per a medicina nuclear i altres espais a l'Hospital Universitari Fundaci\u00f3 Jim\u00e9nez D\u00edaz","robots":{"index":"index","follow":"follow","max-snippet":"max-snippet:-1","max-image-preview":"max-image-preview:large","max-video-preview":"max-video-preview:-1"},"canonical":"https:\/\/www.eneroarquitectura.com\/ca\/arquitectura-per-a-medicina-nuclear-a-lhospital-universitari-fundacio-jimenez-diaz\/","og_locale":"ca_ES","og_type":"article","og_title":"Arquitectura per a Medicina Nuclear a l'Hospital Universitari Fundaci\u00f3 Jim\u00e9nez D\u00edaz | Enero Arquitectura | Arquitectura hospitalaria","og_description":"Coneix sobre el desafiament de dissenyar l'arquitectura per a medicina nuclear i altres espais a l'Hospital Universitari Fundaci\u00f3 Jim\u00e9nez D\u00edaz","og_url":"https:\/\/www.eneroarquitectura.com\/ca\/arquitectura-per-a-medicina-nuclear-a-lhospital-universitari-fundacio-jimenez-diaz\/","og_site_name":"Enero Arquitectura","article_publisher":"https:\/\/es-es.facebook.com\/eneroarquitectura\/","article_published_time":"2022-04-29T12:53:03+00:00","article_modified_time":"2022-05-03T08:10:28+00:00","og_image":[{"width":1024,"height":655,"url":"https:\/\/www.eneroarquitectura.com\/wp-content\/uploads\/2022\/04\/DSC3801.jpg","type":"image\/jpeg"}],"author":"admin_ENERO","twitter_card":"summary_large_image","twitter_creator":"@admin_enero","twitter_site":"@eneroarq","twitter_misc":{"Escrit per":"admin_ENERO","Temps estimat de lectura":"3 minuts"},"schema":{"@context":"https:\/\/schema.org","@graph":[{"@type":"Article","@id":"https:\/\/www.eneroarquitectura.com\/ca\/arquitectura-per-a-medicina-nuclear-a-lhospital-universitari-fundacio-jimenez-diaz\/#article","isPartOf":{"@id":"https:\/\/www.eneroarquitectura.com\/ca\/arquitectura-per-a-medicina-nuclear-a-lhospital-universitari-fundacio-jimenez-diaz\/"},"author":{"name":"admin_ENERO","@id":"https:\/\/www.eneroarquitectura.com\/#\/schema\/person\/ed71fc964241a3bdef30907c52c57de5"},"headline":"Arquitectura per a Medicina Nuclear a l&#8217;Hospital Universitari Fundaci\u00f3 Jim\u00e9nez D\u00edaz","datePublished":"2022-04-29T12:53:03+00:00","dateModified":"2022-05-03T08:10:28+00:00","mainEntityOfPage":{"@id":"https:\/\/www.eneroarquitectura.com\/ca\/arquitectura-per-a-medicina-nuclear-a-lhospital-universitari-fundacio-jimenez-diaz\/"},"wordCount":722,"commentCount":0,"publisher":{"@id":"https:\/\/www.eneroarquitectura.com\/#organization"},"image":{"@id":"https:\/\/www.eneroarquitectura.com\/ca\/arquitectura-per-a-medicina-nuclear-a-lhospital-universitari-fundacio-jimenez-diaz\/#primaryimage"},"thumbnailUrl":"https:\/\/www.eneroarquitectura.com\/wp-content\/uploads\/2022\/04\/DSC3801.jpg","articleSection":["Arquitectura hospital\u00e0ria"],"inLanguage":"ca","potentialAction":[{"@type":"CommentAction","name":"Comment","target":["https:\/\/www.eneroarquitectura.com\/ca\/arquitectura-per-a-medicina-nuclear-a-lhospital-universitari-fundacio-jimenez-diaz\/#respond"]}]},{"@type":"WebPage","@id":"https:\/\/www.eneroarquitectura.com\/ca\/arquitectura-per-a-medicina-nuclear-a-lhospital-universitari-fundacio-jimenez-diaz\/","url":"https:\/\/www.eneroarquitectura.com\/ca\/arquitectura-per-a-medicina-nuclear-a-lhospital-universitari-fundacio-jimenez-diaz\/","name":"Arquitectura per a Medicina Nuclear a l'Hospital Universitari Fundaci\u00f3 Jim\u00e9nez D\u00edaz | Enero Arquitectura | Arquitectura hospitalaria","isPartOf":{"@id":"https:\/\/www.eneroarquitectura.com\/#website"},"primaryImageOfPage":{"@id":"https:\/\/www.eneroarquitectura.com\/ca\/arquitectura-per-a-medicina-nuclear-a-lhospital-universitari-fundacio-jimenez-diaz\/#primaryimage"},"image":{"@id":"https:\/\/www.eneroarquitectura.com\/ca\/arquitectura-per-a-medicina-nuclear-a-lhospital-universitari-fundacio-jimenez-diaz\/#primaryimage"},"thumbnailUrl":"https:\/\/www.eneroarquitectura.com\/wp-content\/uploads\/2022\/04\/DSC3801.jpg","datePublished":"2022-04-29T12:53:03+00:00","dateModified":"2022-05-03T08:10:28+00:00","description":"Coneix sobre el desafiament de dissenyar l'arquitectura per a medicina nuclear i altres espais a l'Hospital Universitari Fundaci\u00f3 Jim\u00e9nez D\u00edaz","breadcrumb":{"@id":"https:\/\/www.eneroarquitectura.com\/ca\/arquitectura-per-a-medicina-nuclear-a-lhospital-universitari-fundacio-jimenez-diaz\/#breadcrumb"},"inLanguage":"ca","potentialAction":[{"@type":"ReadAction","target":["https:\/\/www.eneroarquitectura.com\/ca\/arquitectura-per-a-medicina-nuclear-a-lhospital-universitari-fundacio-jimenez-diaz\/"]}]},{"@type":"ImageObject","inLanguage":"ca","@id":"https:\/\/www.eneroarquitectura.com\/ca\/arquitectura-per-a-medicina-nuclear-a-lhospital-universitari-fundacio-jimenez-diaz\/#primaryimage","url":"https:\/\/www.eneroarquitectura.com\/wp-content\/uploads\/2022\/04\/DSC3801.jpg","contentUrl":"https:\/\/www.eneroarquitectura.com\/wp-content\/uploads\/2022\/04\/DSC3801.jpg","width":1024,"height":655},{"@type":"BreadcrumbList","@id":"https:\/\/www.eneroarquitectura.com\/ca\/arquitectura-per-a-medicina-nuclear-a-lhospital-universitari-fundacio-jimenez-diaz\/#breadcrumb","itemListElement":[{"@type":"ListItem","position":1,"name":"Portada","item":"https:\/\/www.eneroarquitectura.com\/ca\/"},{"@type":"ListItem","position":2,"name":"Arquitectura per a Medicina Nuclear a l&#8217;Hospital Universitari Fundaci\u00f3 Jim\u00e9nez D\u00edaz"}]},{"@type":"WebSite","@id":"https:\/\/www.eneroarquitectura.com\/#website","url":"https:\/\/www.eneroarquitectura.com\/","name":"Enero Arquitectura","description":"Estudio de arquitectura, referente de la arquitectura hospitalaria en Espa\u00f1a, con m\u00e1s de 2.000.000 m2 de proyectos realizados.","publisher":{"@id":"https:\/\/www.eneroarquitectura.com\/#organization"},"potentialAction":[{"@type":"SearchAction","target":{"@type":"EntryPoint","urlTemplate":"https:\/\/www.eneroarquitectura.com\/?s={search_term_string}"},"query-input":{"@type":"PropertyValueSpecification","valueRequired":true,"valueName":"search_term_string"}}],"inLanguage":"ca"},{"@type":"Organization","@id":"https:\/\/www.eneroarquitectura.com\/#organization","name":"ENERO ARQUITECTURA SLP","url":"https:\/\/www.eneroarquitectura.com\/","logo":{"@type":"ImageObject","inLanguage":"ca","@id":"https:\/\/www.eneroarquitectura.com\/#\/schema\/logo\/image\/","url":"https:\/\/www.eneroarquitectura.com\/wp-content\/uploads\/2021\/12\/LOGO-ENERO2.png","contentUrl":"https:\/\/www.eneroarquitectura.com\/wp-content\/uploads\/2021\/12\/LOGO-ENERO2.png","width":2382,"height":365,"caption":"ENERO ARQUITECTURA SLP"},"image":{"@id":"https:\/\/www.eneroarquitectura.com\/#\/schema\/logo\/image\/"},"sameAs":["https:\/\/es-es.facebook.com\/eneroarquitectura\/","https:\/\/x.com\/eneroarq","https:\/\/www.instagram.com\/eneroarquitectura\/?hl=es","https:\/\/es.linkedin.com\/company\/eneroarquitectura","https:\/\/www.pinterest.es\/eneroarq\/","https:\/\/www.youtube.com\/channel\/UClpI42aeTDSRoK9Ldx8cACw"]},{"@type":"Person","@id":"https:\/\/www.eneroarquitectura.com\/#\/schema\/person\/ed71fc964241a3bdef30907c52c57de5","name":"admin_ENERO","image":{"@type":"ImageObject","inLanguage":"ca","@id":"https:\/\/www.eneroarquitectura.com\/#\/schema\/person\/image\/","url":"https:\/\/secure.gravatar.com\/avatar\/8bca979d5344ed51c80b9b3cc530c6df1f44cbb592131e08468087b4b7eb68ca?s=96&d=mm&r=g","contentUrl":"https:\/\/secure.gravatar.com\/avatar\/8bca979d5344ed51c80b9b3cc530c6df1f44cbb592131e08468087b4b7eb68ca?s=96&d=mm&r=g","caption":"admin_ENERO"},"sameAs":["https:\/\/x.com\/admin_enero"],"url":"https:\/\/www.eneroarquitectura.com\/ca\/author\/admin_enero\/"}]}},"_links":{"self":[{"href":"https:\/\/www.eneroarquitectura.com\/ca\/wp-json\/wp\/v2\/posts\/4875","targetHints":{"allow":["GET"]}}],"collection":[{"href":"https:\/\/www.eneroarquitectura.com\/ca\/wp-json\/wp\/v2\/posts"}],"about":[{"href":"https:\/\/www.eneroarquitectura.com\/ca\/wp-json\/wp\/v2\/types\/post"}],"author":[{"embeddable":true,"href":"https:\/\/www.eneroarquitectura.com\/ca\/wp-json\/wp\/v2\/users\/1"}],"replies":[{"embeddable":true,"href":"https:\/\/www.eneroarquitectura.com\/ca\/wp-json\/wp\/v2\/comments?post=4875"}],"version-history":[{"count":1,"href":"https:\/\/www.eneroarquitectura.com\/ca\/wp-json\/wp\/v2\/posts\/4875\/revisions"}],"predecessor-version":[{"id":4877,"href":"https:\/\/www.eneroarquitectura.com\/ca\/wp-json\/wp\/v2\/posts\/4875\/revisions\/4877"}],"wp:featuredmedia":[{"embeddable":true,"href":"https:\/\/www.eneroarquitectura.com\/ca\/wp-json\/wp\/v2\/media\/4869"}],"wp:attachment":[{"href":"https:\/\/www.eneroarquitectura.com\/ca\/wp-json\/wp\/v2\/media?parent=4875"}],"wp:term":[{"taxonomy":"category","embeddable":true,"href":"https:\/\/www.eneroarquitectura.com\/ca\/wp-json\/wp\/v2\/categories?post=4875"},{"taxonomy":"post_tag","embeddable":true,"href":"https:\/\/www.eneroarquitectura.com\/ca\/wp-json\/wp\/v2\/tags?post=4875"}],"curies":[{"name":"wp","href":"https:\/\/api.w.org\/{rel}","templated":true}]}}