{"id":5039,"date":"2022-10-23T09:51:17","date_gmt":"2022-10-23T09:51:17","guid":{"rendered":"https:\/\/www.eneroarquitectura.com\/el-arte-en-la-arquitectura-hospitalaria-una-forma-de-acompanamiento-en-el-cuidado-de-la-salud\/"},"modified":"2022-10-28T13:23:21","modified_gmt":"2022-10-28T13:23:21","slug":"el-arte-en-la-arquitectura-hospitalaria-una-forma-de-acompanamiento-en-el-cuidado-de-la-salud","status":"publish","type":"post","link":"https:\/\/www.eneroarquitectura.com\/ca\/el-arte-en-la-arquitectura-hospitalaria-una-forma-de-acompanamiento-en-el-cuidado-de-la-salud\/","title":{"rendered":"L&#8217;art en l&#8217;arquitectura hospital\u00e0ria: una forma d&#8217;acompanyament en la cura de la salut"},"content":{"rendered":"<p>La percepci\u00f3 dels <strong>espais arquitect\u00f2nics<\/strong> que habitem, de manera puntual o cont\u00ednua, t\u00e9 un rol clau en les emocions i sensacions que experimentem en aquests llocs. Una aproximaci\u00f3 hol\u00edstica i human\u00edstica d&#8217;aquest aspecte, aplicada als <strong>espais hospitalaris<\/strong>, revela la inclusi\u00f3 de pr\u00e0ctiques art\u00edstiques en els centres per a la salut com una eina terap\u00e8utica, potent, transformadora i que pot ser una bona companya del disseny arquitect\u00f2nic. El nostre benestar associat a determinats espais dep\u00e8n del tractament de la llum natural, els volums, les textures, els colors, etc. Per\u00f2 tamb\u00e9 el contacte amb peces art\u00edstiques i processos creatius ens connecten amb un m\u00f3n sensorial, pr\u00f2xim i que beneficia la nostra interacci\u00f3 amb l&#8217;espai. L&#8217;art promou estats de benestar en espais que en moltes ocasions s\u00f3n testimonis d&#8217;estats emocionals complexos. En aquest context l&#8217;art es revela com una eina curativa m\u00e9s per a l&#8217;acompanyament en els centres hospitalaris.<\/p>\n<div id=\"attachment_4149\" style=\"width: 1034px\" class=\"wp-caption aligncenter\"><img loading=\"lazy\" decoding=\"async\" aria-describedby=\"caption-attachment-4149\" class=\"wp-image-4149 size-large\" src=\"https:\/\/www.eneroarquitectura.com\/wp-content\/uploads\/2021\/02\/3-1024x735.jpeg\" alt=\"Hospital universitario Quir\u00f3nsalud Madrid\" width=\"1024\" height=\"735\" srcset=\"https:\/\/www.eneroarquitectura.com\/wp-content\/uploads\/2021\/02\/3-1024x735.jpeg 1024w, https:\/\/www.eneroarquitectura.com\/wp-content\/uploads\/2021\/02\/3-300x215.jpeg 300w, https:\/\/www.eneroarquitectura.com\/wp-content\/uploads\/2021\/02\/3-768x551.jpeg 768w, https:\/\/www.eneroarquitectura.com\/wp-content\/uploads\/2021\/02\/3.jpeg 1280w\" sizes=\"auto, (max-width: 1024px) 100vw, 1024px\" \/><p id=\"caption-attachment-4149\" class=\"wp-caption-text\">Hospital universitari Quir\u00f3nsalud Madrid, Enero Arquitectura. Fotograf\u00eda Jorge Allende.<\/p><\/div>\n<p>&nbsp;<\/p>\n<h2 style=\"font-size: 35px;\">Cultura i salut en espais hospitalaris<\/h2>\n<p>Existeix un esfor\u00e7 per integrar no sols les peces art\u00edstiques en els espais hospitalaris sin\u00f3 tamb\u00e9 diverses pr\u00e0ctiques art\u00edstiques en els protocols m\u00e8dics. D&#8217;aquesta manera m\u00faltiples accions culturals, comissariades per als pacients als hospitals ajuden en el proc\u00e9s d&#8217;humanitzaci\u00f3.<\/p>\n<p>&nbsp;<\/p>\n<p>La capacitat guaridora de l&#8217;art en diferents aspectes vitals ha estat \u00e0mpliament demostrada i cada vegada m\u00e9s s&#8217;integra en els espais per a la salut. Dins dels plans d&#8217;humanitzaci\u00f3 per a acollir i crear espais m\u00e9s amables per als pacients, se sumen a vegades les pr\u00e0ctiques art\u00edstiques en aquests entorns. En alguns casos els espais interiors s\u00f3n ideats des dels seus primers esbossos per a albergar peces art\u00edstiques o fins i tot s\u00f3n col\u00b7laboracions directes amb els artistes com en el cas de Mayanna von Ledebur en la resid\u00e8ncia per a la cura de l&#8217;epil\u00e8psia de Atelier Martel (podeu trobar m\u00e9s informaci\u00f3 en: https:\/\/www.eneroarquitectura.com\/arquitectura-para-la-salud-mental-una-herramienta-terapeutica\/).<\/p>\n<p>&nbsp;<\/p>\n<p>En altres ocasions les peces art\u00edstiques formen part del contingut en el disseny interior d&#8217;alguns espais triats dins de l&#8217;arquitectura hospital\u00e0ria. La ubicaci\u00f3 de les peces \u00e9s estrat\u00e8gica i en molts casos col\u00b7laboren en la connexi\u00f3 amb la naturalesa a trav\u00e9s d&#8217;interpretacions a c\u00e0rrec d&#8217;artistes, il\u00b7lustradors i fot\u00f2grafs des de formats m\u00faltiples. En el <a href=\"https:\/\/www.eneroarquitectura.com\/portfolio-item\/centro-de-protonterapia\/\">Centre de Protonterapia<\/a> de ENERO Arquitectura trobem diferents escenes de la naturalesa en un lloc clau: l&#8217;hall d&#8217;acc\u00e9s, l&#8217;espai de la benvinguda. La primera impressi\u00f3 en l&#8217;entrada queda associada tant a la materialitat de l&#8217;arquitectura com a la representaci\u00f3 dels paisatges en moviment. Un altre exemple de pe\u00e7a inserida en l&#8217;acc\u00e9s \u00e9s el que trobem a l&#8217;Hospital *Quir\u00f3nsalud C\u00f2rdova de ENERO Arquitectura<\/p>\n<p>&nbsp;<\/p>\n<p>&nbsp;<\/p>\n<div id=\"attachment_4155\" style=\"width: 1010px\" class=\"wp-caption aligncenter\"><img loading=\"lazy\" decoding=\"async\" aria-describedby=\"caption-attachment-4155\" class=\"wp-image-4155 size-full\" src=\"https:\/\/www.eneroarquitectura.com\/wp-content\/uploads\/2021\/02\/1.jpg\" alt=\"Centro de Protonterapia de Quir\u00f3nsalud\" width=\"1000\" height=\"586\" srcset=\"https:\/\/www.eneroarquitectura.com\/wp-content\/uploads\/2021\/02\/1.jpg 1000w, https:\/\/www.eneroarquitectura.com\/wp-content\/uploads\/2021\/02\/1-300x176.jpg 300w, https:\/\/www.eneroarquitectura.com\/wp-content\/uploads\/2021\/02\/1-768x450.jpg 768w\" sizes=\"auto, (max-width: 1000px) 100vw, 1000px\" \/><p id=\"caption-attachment-4155\" class=\"wp-caption-text\">Centre de Protonterapia de Quir\u00f3nsalud, Enero Arquitectura. Fotograf\u00eda Jorge Allende.<\/p><\/div>\n<p>&nbsp;<\/p>\n<p>Altres espais dels centres hospitalaris s\u00f3n clau en les estades que els pacients passen durant el temps de les seves cures com les habitacions i els espais comuns imprescindibles per a la socialitzaci\u00f3. A m\u00e9s els elements art\u00edstics tamb\u00e9 ajuden a facilitar l&#8217;orientaci\u00f3 en els centres reconeixent cada espai gr\u00e0cies als elements incorporats que funcionen com a fites visuals.<\/p>\n<h2 style=\"font-size: 35px;\">Exemples de l&#8217;\u00fas de l&#8217;art en entorns dissenyats per a la cura de la salut en hospitals<\/h2>\n<p>&nbsp;<\/p>\n<p>Una \u00e0rea on t\u00e9 especial repercussi\u00f3 l&#8217;\u00fas d&#8217;art en espais per a la salut \u00e9s la de pediatria dels hospitals. L&#8217;arquitectura es revela com a eina terap\u00e8utica per a acompanyar als m\u00e9s petits en el seu pas pels centres hospitalaris. A trav\u00e9s de la incorporaci\u00f3 de la il\u00b7lustraci\u00f3 i l&#8217;art podem col\u00b7laborar en la reducci\u00f3 de l&#8217;estr\u00e8s dels nens, fomentar el joc i la interacci\u00f3 social. Les imatges l\u00fadiques acompanyen als petits pacients i els fa sentir en un lloc propi. La humanitzaci\u00f3 hospital\u00e0ria \u00e9s el proc\u00e9s que aborda de manera integral el benestar del pacient, considerant a l&#8217;individu \u00edntegrament en les dimensions biol\u00f2gica, psicol\u00f2gica, social i conductual. Un exemple d&#8217;aquesta humanitzaci\u00f3 a trav\u00e9s d&#8217;espais l\u00fadics amb il\u00b7lustracions especialment ideades per als nens \u00e9s l&#8217;Ala Matern Infantil de l&#8217;Hospital Universitari Quir\u00f3nsalud Madrid a Pozuelo de Alarc\u00f3n de GENER Arquitectura. Es va buscar estimular les emocions infantils positives i la integraci\u00f3 en l&#8217;ambient hospitalari mitjan\u00e7ant el joc, recreant mons on\u00edrics per als m\u00e9s petits. Un altre espai en el qual s&#8217;est\u00e0 avan\u00e7ant especialment per a crear ambients m\u00e9s amables s\u00f3n els paritoris. L&#8217;\u00fas de colors, mobiliari espec\u00edfic i imatges reconfortants aix\u00ed com una distribuci\u00f3 de l&#8217;espai pensada per a les pacients, pot transformar l&#8217;experi\u00e8ncia de les mares. La incorporaci\u00f3 d&#8217;aquesta mena d&#8217;elements no sols respon a una voluntat est\u00e8tica, m\u00faltiples estudis secunden que l&#8217;acompanyament de colors i elements reconfortants donen suport a la recuperaci\u00f3 i incorporen la humanitzaci\u00f3 dels espais com un element m\u00e9s de disseny.<\/p>\n<div id=\"attachment_5021\" style=\"width: 968px\" class=\"wp-caption aligncenter\"><img loading=\"lazy\" decoding=\"async\" aria-describedby=\"caption-attachment-5021\" class=\"wp-image-5021 size-full\" src=\"https:\/\/www.eneroarquitectura.com\/wp-content\/uploads\/2022\/10\/infantil.jpg\" alt=\"Ala Materno Infantil del Hospital Universitario Quir\u00f3nsalud Madrid en Pozuelo de Alarc\u00f3n, Enero Arquitectura\" width=\"958\" height=\"958\" srcset=\"https:\/\/www.eneroarquitectura.com\/wp-content\/uploads\/2022\/10\/infantil.jpg 958w, https:\/\/www.eneroarquitectura.com\/wp-content\/uploads\/2022\/10\/infantil-300x300.jpg 300w, https:\/\/www.eneroarquitectura.com\/wp-content\/uploads\/2022\/10\/infantil-150x150.jpg 150w, https:\/\/www.eneroarquitectura.com\/wp-content\/uploads\/2022\/10\/infantil-768x768.jpg 768w, https:\/\/www.eneroarquitectura.com\/wp-content\/uploads\/2022\/10\/infantil-550x550.jpg 550w\" sizes=\"auto, (max-width: 958px) 100vw, 958px\" \/><p id=\"caption-attachment-5021\" class=\"wp-caption-text\">Ala Materno Infantil de l&#8217;Hospital Universitario Quir\u00f3nsalud Madrid en Pozuelo de Alarc\u00f3n<\/p><\/div>\n<p>Algunes organitzacions treballen per a portar la cultura als espais hospitalaris. Podem esmentar la Fundaci\u00f3 Cultura en Vena, la Fundaci\u00f3 (H)Art o l&#8217;Associaci\u00f3 Believe In Art. Art Ambulatori \u00e9s un programa d&#8217;exposicions itinerants per hospitals i comunitats rurals en risc de despoblaci\u00f3. A trav\u00e9s de diversos projectes s&#8217;han incorporat pr\u00e0ctiques culturals i art\u00edstiques en l&#8217;\u00e0mbit sanitari. Des de concerts a exposicions en espais hospitalaris. Aquestes pr\u00e0ctiques creen noves sinergies entre els artistes col\u00b7laboradors, els pacients i els seus familiars i el personal sanitari i administratiu, enriquint d&#8217;aquesta manera l&#8217;ecosistema sanitari. L&#8217;objectiu \u00e9s crear una experi\u00e8ncia cultural en llocs on no se sol donar<\/p>\n","protected":false},"excerpt":{"rendered":"<p>Les claus de l&#8217;\u00fas de l&#8217;art en l&#8217;arquitectura hospital\u00e0ria<\/p>\n","protected":false},"author":1,"featured_media":5022,"comment_status":"open","ping_status":"open","sticky":false,"template":"","format":"standard","meta":{"footnotes":""},"categories":[229],"tags":[332,323,248,328,331,330,325,326,329],"class_list":["post-5039","post","type-post","status-publish","format-standard","has-post-thumbnail","hentry","category-arquitectura-hospitalaria","tag-ambient-hospitalari","tag-ambiente-hospitalario-ca","tag-arquitectura-hospitalaria-ca","tag-arquitectura-per-a-pediatria","tag-art-i-arquitectura-hospitalaria","tag-art-i-salut","tag-arte-y-arquitectura-hospitalaria-ca","tag-arte-y-salud-ca","tag-espais-per-a-pediatria"],"yoast_head":"<!-- This site is optimized with the Yoast SEO plugin v26.4 - https:\/\/yoast.com\/wordpress\/plugins\/seo\/ -->\n<title>L&#039;art en l&#039;arquitectura hospital\u00e0ria: una forma d&#039;acompanyament en la cura de la salut | Enero Arquitectura | Arquitectura hospitalaria<\/title>\n<meta name=\"description\" content=\"Les claus de l&#039;\u00fas de l&#039;art en l&#039;arquitectura hospital\u00e0ria\" \/>\n<meta name=\"robots\" content=\"index, follow, max-snippet:-1, max-image-preview:large, max-video-preview:-1\" \/>\n<link rel=\"canonical\" href=\"https:\/\/www.eneroarquitectura.com\/ca\/el-arte-en-la-arquitectura-hospitalaria-una-forma-de-acompanamiento-en-el-cuidado-de-la-salud\/\" \/>\n<meta property=\"og:locale\" content=\"ca_ES\" \/>\n<meta property=\"og:type\" content=\"article\" \/>\n<meta property=\"og:title\" content=\"L&#039;art en l&#039;arquitectura hospital\u00e0ria: una forma d&#039;acompanyament en la cura de la salut | Enero Arquitectura | Arquitectura hospitalaria\" \/>\n<meta property=\"og:description\" content=\"Les claus de l&#039;\u00fas de l&#039;art en l&#039;arquitectura hospital\u00e0ria\" \/>\n<meta property=\"og:url\" content=\"https:\/\/www.eneroarquitectura.com\/ca\/el-arte-en-la-arquitectura-hospitalaria-una-forma-de-acompanamiento-en-el-cuidado-de-la-salud\/\" \/>\n<meta property=\"og:site_name\" content=\"Enero Arquitectura\" \/>\n<meta property=\"article:publisher\" content=\"https:\/\/es-es.facebook.com\/eneroarquitectura\/\" \/>\n<meta property=\"article:published_time\" content=\"2022-10-23T09:51:17+00:00\" \/>\n<meta property=\"article:modified_time\" content=\"2022-10-28T13:23:21+00:00\" \/>\n<meta property=\"og:image\" content=\"https:\/\/www.eneroarquitectura.com\/wp-content\/uploads\/2022\/10\/quiron.jpg\" \/>\n\t<meta property=\"og:image:width\" content=\"1000\" \/>\n\t<meta property=\"og:image:height\" content=\"450\" \/>\n\t<meta property=\"og:image:type\" content=\"image\/jpeg\" \/>\n<meta name=\"author\" content=\"admin_ENERO\" \/>\n<meta name=\"twitter:card\" content=\"summary_large_image\" \/>\n<meta name=\"twitter:creator\" content=\"@admin_enero\" \/>\n<meta name=\"twitter:site\" content=\"@eneroarq\" \/>\n<meta name=\"twitter:label1\" content=\"Escrit per\" \/>\n\t<meta name=\"twitter:data1\" content=\"admin_ENERO\" \/>\n\t<meta name=\"twitter:label2\" content=\"Temps estimat de lectura\" \/>\n\t<meta name=\"twitter:data2\" content=\"5 minuts\" \/>\n<script type=\"application\/ld+json\" class=\"yoast-schema-graph\">{\"@context\":\"https:\/\/schema.org\",\"@graph\":[{\"@type\":\"Article\",\"@id\":\"https:\/\/www.eneroarquitectura.com\/ca\/el-arte-en-la-arquitectura-hospitalaria-una-forma-de-acompanamiento-en-el-cuidado-de-la-salud\/#article\",\"isPartOf\":{\"@id\":\"https:\/\/www.eneroarquitectura.com\/ca\/el-arte-en-la-arquitectura-hospitalaria-una-forma-de-acompanamiento-en-el-cuidado-de-la-salud\/\"},\"author\":{\"name\":\"admin_ENERO\",\"@id\":\"https:\/\/www.eneroarquitectura.com\/#\/schema\/person\/ed71fc964241a3bdef30907c52c57de5\"},\"headline\":\"L&#8217;art en l&#8217;arquitectura hospital\u00e0ria: una forma d&#8217;acompanyament en la cura de la salut\",\"datePublished\":\"2022-10-23T09:51:17+00:00\",\"dateModified\":\"2022-10-28T13:23:21+00:00\",\"mainEntityOfPage\":{\"@id\":\"https:\/\/www.eneroarquitectura.com\/ca\/el-arte-en-la-arquitectura-hospitalaria-una-forma-de-acompanamiento-en-el-cuidado-de-la-salud\/\"},\"wordCount\":1056,\"commentCount\":0,\"publisher\":{\"@id\":\"https:\/\/www.eneroarquitectura.com\/#organization\"},\"image\":{\"@id\":\"https:\/\/www.eneroarquitectura.com\/ca\/el-arte-en-la-arquitectura-hospitalaria-una-forma-de-acompanamiento-en-el-cuidado-de-la-salud\/#primaryimage\"},\"thumbnailUrl\":\"https:\/\/www.eneroarquitectura.com\/wp-content\/uploads\/2022\/10\/quiron.jpg\",\"keywords\":[\"ambient hospitalari\",\"ambiente hospitalario\",\"Arquitectura hospital\u00e0ria\",\"Arquitectura per a pediatria\",\"art i arquitectura hospital\u00e0ria\",\"art i salut\",\"arte y arquitectura hospitalaria\",\"arte y salud\",\"espais per a pediatria\"],\"articleSection\":[\"Arquitectura hospital\u00e0ria\"],\"inLanguage\":\"ca\",\"potentialAction\":[{\"@type\":\"CommentAction\",\"name\":\"Comment\",\"target\":[\"https:\/\/www.eneroarquitectura.com\/ca\/el-arte-en-la-arquitectura-hospitalaria-una-forma-de-acompanamiento-en-el-cuidado-de-la-salud\/#respond\"]}]},{\"@type\":\"WebPage\",\"@id\":\"https:\/\/www.eneroarquitectura.com\/ca\/el-arte-en-la-arquitectura-hospitalaria-una-forma-de-acompanamiento-en-el-cuidado-de-la-salud\/\",\"url\":\"https:\/\/www.eneroarquitectura.com\/ca\/el-arte-en-la-arquitectura-hospitalaria-una-forma-de-acompanamiento-en-el-cuidado-de-la-salud\/\",\"name\":\"L'art en l'arquitectura hospital\u00e0ria: una forma d'acompanyament en la cura de la salut | Enero Arquitectura | Arquitectura hospitalaria\",\"isPartOf\":{\"@id\":\"https:\/\/www.eneroarquitectura.com\/#website\"},\"primaryImageOfPage\":{\"@id\":\"https:\/\/www.eneroarquitectura.com\/ca\/el-arte-en-la-arquitectura-hospitalaria-una-forma-de-acompanamiento-en-el-cuidado-de-la-salud\/#primaryimage\"},\"image\":{\"@id\":\"https:\/\/www.eneroarquitectura.com\/ca\/el-arte-en-la-arquitectura-hospitalaria-una-forma-de-acompanamiento-en-el-cuidado-de-la-salud\/#primaryimage\"},\"thumbnailUrl\":\"https:\/\/www.eneroarquitectura.com\/wp-content\/uploads\/2022\/10\/quiron.jpg\",\"datePublished\":\"2022-10-23T09:51:17+00:00\",\"dateModified\":\"2022-10-28T13:23:21+00:00\",\"description\":\"Les claus de l'\u00fas de l'art en l'arquitectura hospital\u00e0ria\",\"breadcrumb\":{\"@id\":\"https:\/\/www.eneroarquitectura.com\/ca\/el-arte-en-la-arquitectura-hospitalaria-una-forma-de-acompanamiento-en-el-cuidado-de-la-salud\/#breadcrumb\"},\"inLanguage\":\"ca\",\"potentialAction\":[{\"@type\":\"ReadAction\",\"target\":[\"https:\/\/www.eneroarquitectura.com\/ca\/el-arte-en-la-arquitectura-hospitalaria-una-forma-de-acompanamiento-en-el-cuidado-de-la-salud\/\"]}]},{\"@type\":\"ImageObject\",\"inLanguage\":\"ca\",\"@id\":\"https:\/\/www.eneroarquitectura.com\/ca\/el-arte-en-la-arquitectura-hospitalaria-una-forma-de-acompanamiento-en-el-cuidado-de-la-salud\/#primaryimage\",\"url\":\"https:\/\/www.eneroarquitectura.com\/wp-content\/uploads\/2022\/10\/quiron.jpg\",\"contentUrl\":\"https:\/\/www.eneroarquitectura.com\/wp-content\/uploads\/2022\/10\/quiron.jpg\",\"width\":1000,\"height\":450},{\"@type\":\"BreadcrumbList\",\"@id\":\"https:\/\/www.eneroarquitectura.com\/ca\/el-arte-en-la-arquitectura-hospitalaria-una-forma-de-acompanamiento-en-el-cuidado-de-la-salud\/#breadcrumb\",\"itemListElement\":[{\"@type\":\"ListItem\",\"position\":1,\"name\":\"Portada\",\"item\":\"https:\/\/www.eneroarquitectura.com\/ca\/\"},{\"@type\":\"ListItem\",\"position\":2,\"name\":\"L&#8217;art en l&#8217;arquitectura hospital\u00e0ria: una forma d&#8217;acompanyament en la cura de la salut\"}]},{\"@type\":\"WebSite\",\"@id\":\"https:\/\/www.eneroarquitectura.com\/#website\",\"url\":\"https:\/\/www.eneroarquitectura.com\/\",\"name\":\"Enero Arquitectura\",\"description\":\"Estudio de arquitectura, referente de la arquitectura hospitalaria en Espa\u00f1a, con m\u00e1s de 2.000.000 m2 de proyectos realizados.\",\"publisher\":{\"@id\":\"https:\/\/www.eneroarquitectura.com\/#organization\"},\"potentialAction\":[{\"@type\":\"SearchAction\",\"target\":{\"@type\":\"EntryPoint\",\"urlTemplate\":\"https:\/\/www.eneroarquitectura.com\/?s={search_term_string}\"},\"query-input\":{\"@type\":\"PropertyValueSpecification\",\"valueRequired\":true,\"valueName\":\"search_term_string\"}}],\"inLanguage\":\"ca\"},{\"@type\":\"Organization\",\"@id\":\"https:\/\/www.eneroarquitectura.com\/#organization\",\"name\":\"ENERO ARQUITECTURA SLP\",\"url\":\"https:\/\/www.eneroarquitectura.com\/\",\"logo\":{\"@type\":\"ImageObject\",\"inLanguage\":\"ca\",\"@id\":\"https:\/\/www.eneroarquitectura.com\/#\/schema\/logo\/image\/\",\"url\":\"https:\/\/www.eneroarquitectura.com\/wp-content\/uploads\/2021\/12\/LOGO-ENERO2.png\",\"contentUrl\":\"https:\/\/www.eneroarquitectura.com\/wp-content\/uploads\/2021\/12\/LOGO-ENERO2.png\",\"width\":2382,\"height\":365,\"caption\":\"ENERO ARQUITECTURA SLP\"},\"image\":{\"@id\":\"https:\/\/www.eneroarquitectura.com\/#\/schema\/logo\/image\/\"},\"sameAs\":[\"https:\/\/es-es.facebook.com\/eneroarquitectura\/\",\"https:\/\/x.com\/eneroarq\",\"https:\/\/www.instagram.com\/eneroarquitectura\/?hl=es\",\"https:\/\/es.linkedin.com\/company\/eneroarquitectura\",\"https:\/\/www.pinterest.es\/eneroarq\/\",\"https:\/\/www.youtube.com\/channel\/UClpI42aeTDSRoK9Ldx8cACw\"]},{\"@type\":\"Person\",\"@id\":\"https:\/\/www.eneroarquitectura.com\/#\/schema\/person\/ed71fc964241a3bdef30907c52c57de5\",\"name\":\"admin_ENERO\",\"image\":{\"@type\":\"ImageObject\",\"inLanguage\":\"ca\",\"@id\":\"https:\/\/www.eneroarquitectura.com\/#\/schema\/person\/image\/\",\"url\":\"https:\/\/secure.gravatar.com\/avatar\/8bca979d5344ed51c80b9b3cc530c6df1f44cbb592131e08468087b4b7eb68ca?s=96&d=mm&r=g\",\"contentUrl\":\"https:\/\/secure.gravatar.com\/avatar\/8bca979d5344ed51c80b9b3cc530c6df1f44cbb592131e08468087b4b7eb68ca?s=96&d=mm&r=g\",\"caption\":\"admin_ENERO\"},\"sameAs\":[\"https:\/\/x.com\/admin_enero\"],\"url\":\"https:\/\/www.eneroarquitectura.com\/ca\/author\/admin_enero\/\"}]}<\/script>\n<!-- \/ Yoast SEO plugin. -->","yoast_head_json":{"title":"L'art en l'arquitectura hospital\u00e0ria: una forma d'acompanyament en la cura de la salut | Enero Arquitectura | Arquitectura hospitalaria","description":"Les claus de l'\u00fas de l'art en l'arquitectura hospital\u00e0ria","robots":{"index":"index","follow":"follow","max-snippet":"max-snippet:-1","max-image-preview":"max-image-preview:large","max-video-preview":"max-video-preview:-1"},"canonical":"https:\/\/www.eneroarquitectura.com\/ca\/el-arte-en-la-arquitectura-hospitalaria-una-forma-de-acompanamiento-en-el-cuidado-de-la-salud\/","og_locale":"ca_ES","og_type":"article","og_title":"L'art en l'arquitectura hospital\u00e0ria: una forma d'acompanyament en la cura de la salut | Enero Arquitectura | Arquitectura hospitalaria","og_description":"Les claus de l'\u00fas de l'art en l'arquitectura hospital\u00e0ria","og_url":"https:\/\/www.eneroarquitectura.com\/ca\/el-arte-en-la-arquitectura-hospitalaria-una-forma-de-acompanamiento-en-el-cuidado-de-la-salud\/","og_site_name":"Enero Arquitectura","article_publisher":"https:\/\/es-es.facebook.com\/eneroarquitectura\/","article_published_time":"2022-10-23T09:51:17+00:00","article_modified_time":"2022-10-28T13:23:21+00:00","og_image":[{"width":1000,"height":450,"url":"https:\/\/www.eneroarquitectura.com\/wp-content\/uploads\/2022\/10\/quiron.jpg","type":"image\/jpeg"}],"author":"admin_ENERO","twitter_card":"summary_large_image","twitter_creator":"@admin_enero","twitter_site":"@eneroarq","twitter_misc":{"Escrit per":"admin_ENERO","Temps estimat de lectura":"5 minuts"},"schema":{"@context":"https:\/\/schema.org","@graph":[{"@type":"Article","@id":"https:\/\/www.eneroarquitectura.com\/ca\/el-arte-en-la-arquitectura-hospitalaria-una-forma-de-acompanamiento-en-el-cuidado-de-la-salud\/#article","isPartOf":{"@id":"https:\/\/www.eneroarquitectura.com\/ca\/el-arte-en-la-arquitectura-hospitalaria-una-forma-de-acompanamiento-en-el-cuidado-de-la-salud\/"},"author":{"name":"admin_ENERO","@id":"https:\/\/www.eneroarquitectura.com\/#\/schema\/person\/ed71fc964241a3bdef30907c52c57de5"},"headline":"L&#8217;art en l&#8217;arquitectura hospital\u00e0ria: una forma d&#8217;acompanyament en la cura de la salut","datePublished":"2022-10-23T09:51:17+00:00","dateModified":"2022-10-28T13:23:21+00:00","mainEntityOfPage":{"@id":"https:\/\/www.eneroarquitectura.com\/ca\/el-arte-en-la-arquitectura-hospitalaria-una-forma-de-acompanamiento-en-el-cuidado-de-la-salud\/"},"wordCount":1056,"commentCount":0,"publisher":{"@id":"https:\/\/www.eneroarquitectura.com\/#organization"},"image":{"@id":"https:\/\/www.eneroarquitectura.com\/ca\/el-arte-en-la-arquitectura-hospitalaria-una-forma-de-acompanamiento-en-el-cuidado-de-la-salud\/#primaryimage"},"thumbnailUrl":"https:\/\/www.eneroarquitectura.com\/wp-content\/uploads\/2022\/10\/quiron.jpg","keywords":["ambient hospitalari","ambiente hospitalario","Arquitectura hospital\u00e0ria","Arquitectura per a pediatria","art i arquitectura hospital\u00e0ria","art i salut","arte y arquitectura hospitalaria","arte y salud","espais per a pediatria"],"articleSection":["Arquitectura hospital\u00e0ria"],"inLanguage":"ca","potentialAction":[{"@type":"CommentAction","name":"Comment","target":["https:\/\/www.eneroarquitectura.com\/ca\/el-arte-en-la-arquitectura-hospitalaria-una-forma-de-acompanamiento-en-el-cuidado-de-la-salud\/#respond"]}]},{"@type":"WebPage","@id":"https:\/\/www.eneroarquitectura.com\/ca\/el-arte-en-la-arquitectura-hospitalaria-una-forma-de-acompanamiento-en-el-cuidado-de-la-salud\/","url":"https:\/\/www.eneroarquitectura.com\/ca\/el-arte-en-la-arquitectura-hospitalaria-una-forma-de-acompanamiento-en-el-cuidado-de-la-salud\/","name":"L'art en l'arquitectura hospital\u00e0ria: una forma d'acompanyament en la cura de la salut | Enero Arquitectura | Arquitectura hospitalaria","isPartOf":{"@id":"https:\/\/www.eneroarquitectura.com\/#website"},"primaryImageOfPage":{"@id":"https:\/\/www.eneroarquitectura.com\/ca\/el-arte-en-la-arquitectura-hospitalaria-una-forma-de-acompanamiento-en-el-cuidado-de-la-salud\/#primaryimage"},"image":{"@id":"https:\/\/www.eneroarquitectura.com\/ca\/el-arte-en-la-arquitectura-hospitalaria-una-forma-de-acompanamiento-en-el-cuidado-de-la-salud\/#primaryimage"},"thumbnailUrl":"https:\/\/www.eneroarquitectura.com\/wp-content\/uploads\/2022\/10\/quiron.jpg","datePublished":"2022-10-23T09:51:17+00:00","dateModified":"2022-10-28T13:23:21+00:00","description":"Les claus de l'\u00fas de l'art en l'arquitectura hospital\u00e0ria","breadcrumb":{"@id":"https:\/\/www.eneroarquitectura.com\/ca\/el-arte-en-la-arquitectura-hospitalaria-una-forma-de-acompanamiento-en-el-cuidado-de-la-salud\/#breadcrumb"},"inLanguage":"ca","potentialAction":[{"@type":"ReadAction","target":["https:\/\/www.eneroarquitectura.com\/ca\/el-arte-en-la-arquitectura-hospitalaria-una-forma-de-acompanamiento-en-el-cuidado-de-la-salud\/"]}]},{"@type":"ImageObject","inLanguage":"ca","@id":"https:\/\/www.eneroarquitectura.com\/ca\/el-arte-en-la-arquitectura-hospitalaria-una-forma-de-acompanamiento-en-el-cuidado-de-la-salud\/#primaryimage","url":"https:\/\/www.eneroarquitectura.com\/wp-content\/uploads\/2022\/10\/quiron.jpg","contentUrl":"https:\/\/www.eneroarquitectura.com\/wp-content\/uploads\/2022\/10\/quiron.jpg","width":1000,"height":450},{"@type":"BreadcrumbList","@id":"https:\/\/www.eneroarquitectura.com\/ca\/el-arte-en-la-arquitectura-hospitalaria-una-forma-de-acompanamiento-en-el-cuidado-de-la-salud\/#breadcrumb","itemListElement":[{"@type":"ListItem","position":1,"name":"Portada","item":"https:\/\/www.eneroarquitectura.com\/ca\/"},{"@type":"ListItem","position":2,"name":"L&#8217;art en l&#8217;arquitectura hospital\u00e0ria: una forma d&#8217;acompanyament en la cura de la salut"}]},{"@type":"WebSite","@id":"https:\/\/www.eneroarquitectura.com\/#website","url":"https:\/\/www.eneroarquitectura.com\/","name":"Enero Arquitectura","description":"Estudio de arquitectura, referente de la arquitectura hospitalaria en Espa\u00f1a, con m\u00e1s de 2.000.000 m2 de proyectos realizados.","publisher":{"@id":"https:\/\/www.eneroarquitectura.com\/#organization"},"potentialAction":[{"@type":"SearchAction","target":{"@type":"EntryPoint","urlTemplate":"https:\/\/www.eneroarquitectura.com\/?s={search_term_string}"},"query-input":{"@type":"PropertyValueSpecification","valueRequired":true,"valueName":"search_term_string"}}],"inLanguage":"ca"},{"@type":"Organization","@id":"https:\/\/www.eneroarquitectura.com\/#organization","name":"ENERO ARQUITECTURA SLP","url":"https:\/\/www.eneroarquitectura.com\/","logo":{"@type":"ImageObject","inLanguage":"ca","@id":"https:\/\/www.eneroarquitectura.com\/#\/schema\/logo\/image\/","url":"https:\/\/www.eneroarquitectura.com\/wp-content\/uploads\/2021\/12\/LOGO-ENERO2.png","contentUrl":"https:\/\/www.eneroarquitectura.com\/wp-content\/uploads\/2021\/12\/LOGO-ENERO2.png","width":2382,"height":365,"caption":"ENERO ARQUITECTURA SLP"},"image":{"@id":"https:\/\/www.eneroarquitectura.com\/#\/schema\/logo\/image\/"},"sameAs":["https:\/\/es-es.facebook.com\/eneroarquitectura\/","https:\/\/x.com\/eneroarq","https:\/\/www.instagram.com\/eneroarquitectura\/?hl=es","https:\/\/es.linkedin.com\/company\/eneroarquitectura","https:\/\/www.pinterest.es\/eneroarq\/","https:\/\/www.youtube.com\/channel\/UClpI42aeTDSRoK9Ldx8cACw"]},{"@type":"Person","@id":"https:\/\/www.eneroarquitectura.com\/#\/schema\/person\/ed71fc964241a3bdef30907c52c57de5","name":"admin_ENERO","image":{"@type":"ImageObject","inLanguage":"ca","@id":"https:\/\/www.eneroarquitectura.com\/#\/schema\/person\/image\/","url":"https:\/\/secure.gravatar.com\/avatar\/8bca979d5344ed51c80b9b3cc530c6df1f44cbb592131e08468087b4b7eb68ca?s=96&d=mm&r=g","contentUrl":"https:\/\/secure.gravatar.com\/avatar\/8bca979d5344ed51c80b9b3cc530c6df1f44cbb592131e08468087b4b7eb68ca?s=96&d=mm&r=g","caption":"admin_ENERO"},"sameAs":["https:\/\/x.com\/admin_enero"],"url":"https:\/\/www.eneroarquitectura.com\/ca\/author\/admin_enero\/"}]}},"_links":{"self":[{"href":"https:\/\/www.eneroarquitectura.com\/ca\/wp-json\/wp\/v2\/posts\/5039","targetHints":{"allow":["GET"]}}],"collection":[{"href":"https:\/\/www.eneroarquitectura.com\/ca\/wp-json\/wp\/v2\/posts"}],"about":[{"href":"https:\/\/www.eneroarquitectura.com\/ca\/wp-json\/wp\/v2\/types\/post"}],"author":[{"embeddable":true,"href":"https:\/\/www.eneroarquitectura.com\/ca\/wp-json\/wp\/v2\/users\/1"}],"replies":[{"embeddable":true,"href":"https:\/\/www.eneroarquitectura.com\/ca\/wp-json\/wp\/v2\/comments?post=5039"}],"version-history":[{"count":2,"href":"https:\/\/www.eneroarquitectura.com\/ca\/wp-json\/wp\/v2\/posts\/5039\/revisions"}],"predecessor-version":[{"id":5040,"href":"https:\/\/www.eneroarquitectura.com\/ca\/wp-json\/wp\/v2\/posts\/5039\/revisions\/5040"}],"wp:featuredmedia":[{"embeddable":true,"href":"https:\/\/www.eneroarquitectura.com\/ca\/wp-json\/wp\/v2\/media\/5022"}],"wp:attachment":[{"href":"https:\/\/www.eneroarquitectura.com\/ca\/wp-json\/wp\/v2\/media?parent=5039"}],"wp:term":[{"taxonomy":"category","embeddable":true,"href":"https:\/\/www.eneroarquitectura.com\/ca\/wp-json\/wp\/v2\/categories?post=5039"},{"taxonomy":"post_tag","embeddable":true,"href":"https:\/\/www.eneroarquitectura.com\/ca\/wp-json\/wp\/v2\/tags?post=5039"}],"curies":[{"name":"wp","href":"https:\/\/api.w.org\/{rel}","templated":true}]}}