{"id":5077,"date":"2023-01-02T20:19:54","date_gmt":"2023-01-02T20:19:54","guid":{"rendered":"https:\/\/www.eneroarquitectura.com\/disenamos-el-donde\/"},"modified":"2023-06-13T17:10:59","modified_gmt":"2023-06-13T17:10:59","slug":"dissenyem-lon","status":"publish","type":"post","link":"https:\/\/www.eneroarquitectura.com\/ca\/dissenyem-lon\/","title":{"rendered":"Dissenyem l&#8217;on"},"content":{"rendered":"<p>[vc_row][vc_column][vc_column_text]<\/p>\n<h2 style=\"font-size: 35px;\">Els llocs de les nostres vides<\/h2>\n<p>Vivim envoltats d&#8217;espais que ens acompanyen en el quotidi\u00e0 i en els moments importants de les nostres vides. Quins s\u00f3n aquests llocs? Per a cadascun seran llocs diferents, des de llars, llocs que van marcar la nostra inf\u00e0ncia, on fem el nostre primer treball o on van n\u00e9ixer els nostres fills. S\u00f3n sempre llocs desitjats, recordats i sobretot vius a trav\u00e9s de les nostres experi\u00e8ncies. Cada individu atorga significat als espais a trav\u00e9s del que viu en ells i la seva manera d&#8217;apropiar-se d&#8217;ells: podem parlar de llocs en comptes d&#8217;espais. El lloc \u00e9s on ocorre i transcorre la vida.<\/p>\n<p>&nbsp;<\/p>\n<p>La nostra arquitectura dibuixa els espais en els quals tenen lloc molts somnis, per aix\u00f2 des de <strong>ENERO Arquitectura dissenyem l&#8217;on<\/strong>.<\/p>\n<p>&nbsp;<\/p>\n<p><iframe loading=\"lazy\" title=\"&quot;Dise\u00f1amos el D\u00f3nde&quot;\" width=\"1100\" height=\"619\" src=\"https:\/\/www.youtube.com\/embed\/dd42Ipg_VKU?feature=oembed\" frameborder=\"0\" allow=\"accelerometer; autoplay; clipboard-write; encrypted-media; gyroscope; picture-in-picture; web-share\" allowfullscreen><\/iframe><\/p>\n<p>&nbsp;<\/p>\n<p>Els centres hospitalaris s\u00f3n espais que tots coneixem, que formen part de la nostra vida de moltes maneres diferents. S\u00f3n aquest &#8220;on&#8221; present en alguns moments importants per a alguns i un lloc de treball i comprom\u00eds cada dia per a uns altres. Per a molts \u00e9s on es fan realitat els seus somnis: els d&#8217;ajudar, acompanyar i cuidar a les persones que ho necessiten. Tenim el convenciment que l&#8217;arquitectura t\u00e9 la capacitat d&#8217;influir en el benestar de les persones. Per aix\u00f2, l&#8217;arquitectura hospital\u00e0ria que projectem se centra en les necessitats de l&#8217;usuari: pacients, acompanyants i tamb\u00e9 personal sanitari, de gesti\u00f3 i manteniment d&#8217;aquests centres. Acompanyem al nou paradigma per al disseny dels espais sanitaris, la seva humanitzaci\u00f3 des d&#8217;aspectes arquitect\u00f2nics.<\/p>\n<p>&nbsp;<\/p>\n<h2 style=\"font-size: 35px;\">Arquitectura per als nostres futurs<\/h2>\n<p>En el llibre l&#8217;arquitectura de la felicitat d&#8217;Alain de Botton, hi ha una idea que cont\u00ednuament apareix en el seu text. L&#8217;arquitectura, com tot, evoluciona, i s&#8217;imposa la innovaci\u00f3. Per\u00f2 hi ha uns certs elements arquitect\u00f2nics que es repeteixen al llarg dels segles i potser \u00e9s perqu\u00e8 responen a les necessitats profundes dels \u00e9ssers humans, i el cam\u00ed del benestar es recolza en ells. Aspectes com la connexi\u00f3 amb l&#8217;exterior, la llum natural o la cura en el disseny de llocs, tant per a la socialitzaci\u00f3 com per al recolliment, s\u00f3n clau per a l&#8217;arquitectura dels centres sanitaris. L&#8217;arquitectura sanit\u00e0ria del futur ser\u00e0 m\u00e9s conscient d&#8217;aquestes necessitats i tamb\u00e9 ens acompanyar\u00e0 i acollir\u00e0 a trav\u00e9s de les seves pr\u00f2pies eines per a la cura.<\/p>\n<p>&nbsp;<\/p>\n<p>Els somnis del futur tamb\u00e9 s&#8217;han de dibuixar per aix\u00f2 des de <strong>ENERO Arquitectura dissenyem l&#8217;on<\/strong>.<\/p>\n<p>&nbsp;<\/p>\n<p>#Dise\u00f1amosElD\u00f3nde #ENEROArquitectura<\/p>\n<p>&nbsp;<\/p>\n<p>[\/vc_column_text][\/vc_column][\/vc_row]<\/p>\n","protected":false},"excerpt":{"rendered":"<p>La nostra arquitectura dibuixa els espais en els quals tenen lloc molts somnis, per aix\u00f2 des de ENERO Arquitectura dissenyem l&#8217;on.<\/p>\n","protected":false},"author":1,"featured_media":5271,"comment_status":"open","ping_status":"open","sticky":false,"template":"","format":"standard","meta":{"footnotes":""},"categories":[243,229],"tags":[],"class_list":["post-5077","post","type-post","status-publish","format-standard","has-post-thumbnail","hentry","category-arquitectura-ca","category-arquitectura-hospitalaria"],"yoast_head":"<!-- This site is optimized with the Yoast SEO plugin v26.4 - https:\/\/yoast.com\/wordpress\/plugins\/seo\/ -->\n<title>Dissenyem l&#039;on | Enero Arquitectura | Arquitectura hospitalaria<\/title>\n<meta name=\"description\" content=\"La nostra arquitectura dibuixa els espais en els quals tenen lloc molts somnis, per aix\u00f2 des de ENERO Arquitectura dissenyem l&#039;on.\" \/>\n<meta name=\"robots\" content=\"index, follow, max-snippet:-1, max-image-preview:large, max-video-preview:-1\" \/>\n<link rel=\"canonical\" href=\"https:\/\/www.eneroarquitectura.com\/ca\/dissenyem-lon\/\" \/>\n<meta property=\"og:locale\" content=\"ca_ES\" \/>\n<meta property=\"og:type\" content=\"article\" \/>\n<meta property=\"og:title\" content=\"Dissenyem l&#039;on | Enero Arquitectura | Arquitectura hospitalaria\" \/>\n<meta property=\"og:description\" content=\"La nostra arquitectura dibuixa els espais en els quals tenen lloc molts somnis, per aix\u00f2 des de ENERO Arquitectura dissenyem l&#039;on.\" \/>\n<meta property=\"og:url\" content=\"https:\/\/www.eneroarquitectura.com\/ca\/dissenyem-lon\/\" \/>\n<meta property=\"og:site_name\" content=\"Enero Arquitectura\" \/>\n<meta property=\"article:publisher\" content=\"https:\/\/es-es.facebook.com\/eneroarquitectura\/\" \/>\n<meta property=\"article:published_time\" content=\"2023-01-02T20:19:54+00:00\" \/>\n<meta property=\"article:modified_time\" content=\"2023-06-13T17:10:59+00:00\" \/>\n<meta property=\"og:image\" content=\"https:\/\/www.eneroarquitectura.com\/wp-content\/uploads\/2023\/01\/cordoba-poster-01-1.jpg\" \/>\n\t<meta property=\"og:image:width\" content=\"1080\" \/>\n\t<meta property=\"og:image:height\" content=\"1080\" \/>\n\t<meta property=\"og:image:type\" content=\"image\/jpeg\" \/>\n<meta name=\"author\" content=\"admin_ENERO\" \/>\n<meta name=\"twitter:card\" content=\"summary_large_image\" \/>\n<meta name=\"twitter:creator\" content=\"@admin_enero\" \/>\n<meta name=\"twitter:site\" content=\"@eneroarq\" \/>\n<meta name=\"twitter:label1\" content=\"Escrit per\" \/>\n\t<meta name=\"twitter:data1\" content=\"admin_ENERO\" \/>\n\t<meta name=\"twitter:label2\" content=\"Temps estimat de lectura\" \/>\n\t<meta name=\"twitter:data2\" content=\"2 minuts\" \/>\n<script type=\"application\/ld+json\" class=\"yoast-schema-graph\">{\"@context\":\"https:\/\/schema.org\",\"@graph\":[{\"@type\":\"Article\",\"@id\":\"https:\/\/www.eneroarquitectura.com\/ca\/dissenyem-lon\/#article\",\"isPartOf\":{\"@id\":\"https:\/\/www.eneroarquitectura.com\/ca\/dissenyem-lon\/\"},\"author\":{\"name\":\"admin_ENERO\",\"@id\":\"https:\/\/www.eneroarquitectura.com\/#\/schema\/person\/ed71fc964241a3bdef30907c52c57de5\"},\"headline\":\"Dissenyem l&#8217;on\",\"datePublished\":\"2023-01-02T20:19:54+00:00\",\"dateModified\":\"2023-06-13T17:10:59+00:00\",\"mainEntityOfPage\":{\"@id\":\"https:\/\/www.eneroarquitectura.com\/ca\/dissenyem-lon\/\"},\"wordCount\":473,\"commentCount\":0,\"publisher\":{\"@id\":\"https:\/\/www.eneroarquitectura.com\/#organization\"},\"image\":{\"@id\":\"https:\/\/www.eneroarquitectura.com\/ca\/dissenyem-lon\/#primaryimage\"},\"thumbnailUrl\":\"https:\/\/www.eneroarquitectura.com\/wp-content\/uploads\/2023\/01\/cordoba-poster-01-1.jpg\",\"articleSection\":[\"Arquitectura\",\"Arquitectura hospital\u00e0ria\"],\"inLanguage\":\"ca\",\"potentialAction\":[{\"@type\":\"CommentAction\",\"name\":\"Comment\",\"target\":[\"https:\/\/www.eneroarquitectura.com\/ca\/dissenyem-lon\/#respond\"]}]},{\"@type\":\"WebPage\",\"@id\":\"https:\/\/www.eneroarquitectura.com\/ca\/dissenyem-lon\/\",\"url\":\"https:\/\/www.eneroarquitectura.com\/ca\/dissenyem-lon\/\",\"name\":\"Dissenyem l'on | Enero Arquitectura | Arquitectura hospitalaria\",\"isPartOf\":{\"@id\":\"https:\/\/www.eneroarquitectura.com\/#website\"},\"primaryImageOfPage\":{\"@id\":\"https:\/\/www.eneroarquitectura.com\/ca\/dissenyem-lon\/#primaryimage\"},\"image\":{\"@id\":\"https:\/\/www.eneroarquitectura.com\/ca\/dissenyem-lon\/#primaryimage\"},\"thumbnailUrl\":\"https:\/\/www.eneroarquitectura.com\/wp-content\/uploads\/2023\/01\/cordoba-poster-01-1.jpg\",\"datePublished\":\"2023-01-02T20:19:54+00:00\",\"dateModified\":\"2023-06-13T17:10:59+00:00\",\"description\":\"La nostra arquitectura dibuixa els espais en els quals tenen lloc molts somnis, per aix\u00f2 des de ENERO Arquitectura dissenyem l'on.\",\"breadcrumb\":{\"@id\":\"https:\/\/www.eneroarquitectura.com\/ca\/dissenyem-lon\/#breadcrumb\"},\"inLanguage\":\"ca\",\"potentialAction\":[{\"@type\":\"ReadAction\",\"target\":[\"https:\/\/www.eneroarquitectura.com\/ca\/dissenyem-lon\/\"]}]},{\"@type\":\"ImageObject\",\"inLanguage\":\"ca\",\"@id\":\"https:\/\/www.eneroarquitectura.com\/ca\/dissenyem-lon\/#primaryimage\",\"url\":\"https:\/\/www.eneroarquitectura.com\/wp-content\/uploads\/2023\/01\/cordoba-poster-01-1.jpg\",\"contentUrl\":\"https:\/\/www.eneroarquitectura.com\/wp-content\/uploads\/2023\/01\/cordoba-poster-01-1.jpg\",\"width\":1080,\"height\":1080},{\"@type\":\"BreadcrumbList\",\"@id\":\"https:\/\/www.eneroarquitectura.com\/ca\/dissenyem-lon\/#breadcrumb\",\"itemListElement\":[{\"@type\":\"ListItem\",\"position\":1,\"name\":\"Portada\",\"item\":\"https:\/\/www.eneroarquitectura.com\/ca\/\"},{\"@type\":\"ListItem\",\"position\":2,\"name\":\"Dissenyem l&#8217;on\"}]},{\"@type\":\"WebSite\",\"@id\":\"https:\/\/www.eneroarquitectura.com\/#website\",\"url\":\"https:\/\/www.eneroarquitectura.com\/\",\"name\":\"Enero Arquitectura\",\"description\":\"Estudio de arquitectura, referente de la arquitectura hospitalaria en Espa\u00f1a, con m\u00e1s de 2.000.000 m2 de proyectos realizados.\",\"publisher\":{\"@id\":\"https:\/\/www.eneroarquitectura.com\/#organization\"},\"potentialAction\":[{\"@type\":\"SearchAction\",\"target\":{\"@type\":\"EntryPoint\",\"urlTemplate\":\"https:\/\/www.eneroarquitectura.com\/?s={search_term_string}\"},\"query-input\":{\"@type\":\"PropertyValueSpecification\",\"valueRequired\":true,\"valueName\":\"search_term_string\"}}],\"inLanguage\":\"ca\"},{\"@type\":\"Organization\",\"@id\":\"https:\/\/www.eneroarquitectura.com\/#organization\",\"name\":\"ENERO ARQUITECTURA SLP\",\"url\":\"https:\/\/www.eneroarquitectura.com\/\",\"logo\":{\"@type\":\"ImageObject\",\"inLanguage\":\"ca\",\"@id\":\"https:\/\/www.eneroarquitectura.com\/#\/schema\/logo\/image\/\",\"url\":\"https:\/\/www.eneroarquitectura.com\/wp-content\/uploads\/2021\/12\/LOGO-ENERO2.png\",\"contentUrl\":\"https:\/\/www.eneroarquitectura.com\/wp-content\/uploads\/2021\/12\/LOGO-ENERO2.png\",\"width\":2382,\"height\":365,\"caption\":\"ENERO ARQUITECTURA SLP\"},\"image\":{\"@id\":\"https:\/\/www.eneroarquitectura.com\/#\/schema\/logo\/image\/\"},\"sameAs\":[\"https:\/\/es-es.facebook.com\/eneroarquitectura\/\",\"https:\/\/x.com\/eneroarq\",\"https:\/\/www.instagram.com\/eneroarquitectura\/?hl=es\",\"https:\/\/es.linkedin.com\/company\/eneroarquitectura\",\"https:\/\/www.pinterest.es\/eneroarq\/\",\"https:\/\/www.youtube.com\/channel\/UClpI42aeTDSRoK9Ldx8cACw\"]},{\"@type\":\"Person\",\"@id\":\"https:\/\/www.eneroarquitectura.com\/#\/schema\/person\/ed71fc964241a3bdef30907c52c57de5\",\"name\":\"admin_ENERO\",\"image\":{\"@type\":\"ImageObject\",\"inLanguage\":\"ca\",\"@id\":\"https:\/\/www.eneroarquitectura.com\/#\/schema\/person\/image\/\",\"url\":\"https:\/\/secure.gravatar.com\/avatar\/8bca979d5344ed51c80b9b3cc530c6df1f44cbb592131e08468087b4b7eb68ca?s=96&d=mm&r=g\",\"contentUrl\":\"https:\/\/secure.gravatar.com\/avatar\/8bca979d5344ed51c80b9b3cc530c6df1f44cbb592131e08468087b4b7eb68ca?s=96&d=mm&r=g\",\"caption\":\"admin_ENERO\"},\"sameAs\":[\"https:\/\/x.com\/admin_enero\"],\"url\":\"https:\/\/www.eneroarquitectura.com\/ca\/author\/admin_enero\/\"}]}<\/script>\n<!-- \/ Yoast SEO plugin. -->","yoast_head_json":{"title":"Dissenyem l'on | Enero Arquitectura | Arquitectura hospitalaria","description":"La nostra arquitectura dibuixa els espais en els quals tenen lloc molts somnis, per aix\u00f2 des de ENERO Arquitectura dissenyem l'on.","robots":{"index":"index","follow":"follow","max-snippet":"max-snippet:-1","max-image-preview":"max-image-preview:large","max-video-preview":"max-video-preview:-1"},"canonical":"https:\/\/www.eneroarquitectura.com\/ca\/dissenyem-lon\/","og_locale":"ca_ES","og_type":"article","og_title":"Dissenyem l'on | Enero Arquitectura | Arquitectura hospitalaria","og_description":"La nostra arquitectura dibuixa els espais en els quals tenen lloc molts somnis, per aix\u00f2 des de ENERO Arquitectura dissenyem l'on.","og_url":"https:\/\/www.eneroarquitectura.com\/ca\/dissenyem-lon\/","og_site_name":"Enero Arquitectura","article_publisher":"https:\/\/es-es.facebook.com\/eneroarquitectura\/","article_published_time":"2023-01-02T20:19:54+00:00","article_modified_time":"2023-06-13T17:10:59+00:00","og_image":[{"width":1080,"height":1080,"url":"https:\/\/www.eneroarquitectura.com\/wp-content\/uploads\/2023\/01\/cordoba-poster-01-1.jpg","type":"image\/jpeg"}],"author":"admin_ENERO","twitter_card":"summary_large_image","twitter_creator":"@admin_enero","twitter_site":"@eneroarq","twitter_misc":{"Escrit per":"admin_ENERO","Temps estimat de lectura":"2 minuts"},"schema":{"@context":"https:\/\/schema.org","@graph":[{"@type":"Article","@id":"https:\/\/www.eneroarquitectura.com\/ca\/dissenyem-lon\/#article","isPartOf":{"@id":"https:\/\/www.eneroarquitectura.com\/ca\/dissenyem-lon\/"},"author":{"name":"admin_ENERO","@id":"https:\/\/www.eneroarquitectura.com\/#\/schema\/person\/ed71fc964241a3bdef30907c52c57de5"},"headline":"Dissenyem l&#8217;on","datePublished":"2023-01-02T20:19:54+00:00","dateModified":"2023-06-13T17:10:59+00:00","mainEntityOfPage":{"@id":"https:\/\/www.eneroarquitectura.com\/ca\/dissenyem-lon\/"},"wordCount":473,"commentCount":0,"publisher":{"@id":"https:\/\/www.eneroarquitectura.com\/#organization"},"image":{"@id":"https:\/\/www.eneroarquitectura.com\/ca\/dissenyem-lon\/#primaryimage"},"thumbnailUrl":"https:\/\/www.eneroarquitectura.com\/wp-content\/uploads\/2023\/01\/cordoba-poster-01-1.jpg","articleSection":["Arquitectura","Arquitectura hospital\u00e0ria"],"inLanguage":"ca","potentialAction":[{"@type":"CommentAction","name":"Comment","target":["https:\/\/www.eneroarquitectura.com\/ca\/dissenyem-lon\/#respond"]}]},{"@type":"WebPage","@id":"https:\/\/www.eneroarquitectura.com\/ca\/dissenyem-lon\/","url":"https:\/\/www.eneroarquitectura.com\/ca\/dissenyem-lon\/","name":"Dissenyem l'on | Enero Arquitectura | Arquitectura hospitalaria","isPartOf":{"@id":"https:\/\/www.eneroarquitectura.com\/#website"},"primaryImageOfPage":{"@id":"https:\/\/www.eneroarquitectura.com\/ca\/dissenyem-lon\/#primaryimage"},"image":{"@id":"https:\/\/www.eneroarquitectura.com\/ca\/dissenyem-lon\/#primaryimage"},"thumbnailUrl":"https:\/\/www.eneroarquitectura.com\/wp-content\/uploads\/2023\/01\/cordoba-poster-01-1.jpg","datePublished":"2023-01-02T20:19:54+00:00","dateModified":"2023-06-13T17:10:59+00:00","description":"La nostra arquitectura dibuixa els espais en els quals tenen lloc molts somnis, per aix\u00f2 des de ENERO Arquitectura dissenyem l'on.","breadcrumb":{"@id":"https:\/\/www.eneroarquitectura.com\/ca\/dissenyem-lon\/#breadcrumb"},"inLanguage":"ca","potentialAction":[{"@type":"ReadAction","target":["https:\/\/www.eneroarquitectura.com\/ca\/dissenyem-lon\/"]}]},{"@type":"ImageObject","inLanguage":"ca","@id":"https:\/\/www.eneroarquitectura.com\/ca\/dissenyem-lon\/#primaryimage","url":"https:\/\/www.eneroarquitectura.com\/wp-content\/uploads\/2023\/01\/cordoba-poster-01-1.jpg","contentUrl":"https:\/\/www.eneroarquitectura.com\/wp-content\/uploads\/2023\/01\/cordoba-poster-01-1.jpg","width":1080,"height":1080},{"@type":"BreadcrumbList","@id":"https:\/\/www.eneroarquitectura.com\/ca\/dissenyem-lon\/#breadcrumb","itemListElement":[{"@type":"ListItem","position":1,"name":"Portada","item":"https:\/\/www.eneroarquitectura.com\/ca\/"},{"@type":"ListItem","position":2,"name":"Dissenyem l&#8217;on"}]},{"@type":"WebSite","@id":"https:\/\/www.eneroarquitectura.com\/#website","url":"https:\/\/www.eneroarquitectura.com\/","name":"Enero Arquitectura","description":"Estudio de arquitectura, referente de la arquitectura hospitalaria en Espa\u00f1a, con m\u00e1s de 2.000.000 m2 de proyectos realizados.","publisher":{"@id":"https:\/\/www.eneroarquitectura.com\/#organization"},"potentialAction":[{"@type":"SearchAction","target":{"@type":"EntryPoint","urlTemplate":"https:\/\/www.eneroarquitectura.com\/?s={search_term_string}"},"query-input":{"@type":"PropertyValueSpecification","valueRequired":true,"valueName":"search_term_string"}}],"inLanguage":"ca"},{"@type":"Organization","@id":"https:\/\/www.eneroarquitectura.com\/#organization","name":"ENERO ARQUITECTURA SLP","url":"https:\/\/www.eneroarquitectura.com\/","logo":{"@type":"ImageObject","inLanguage":"ca","@id":"https:\/\/www.eneroarquitectura.com\/#\/schema\/logo\/image\/","url":"https:\/\/www.eneroarquitectura.com\/wp-content\/uploads\/2021\/12\/LOGO-ENERO2.png","contentUrl":"https:\/\/www.eneroarquitectura.com\/wp-content\/uploads\/2021\/12\/LOGO-ENERO2.png","width":2382,"height":365,"caption":"ENERO ARQUITECTURA SLP"},"image":{"@id":"https:\/\/www.eneroarquitectura.com\/#\/schema\/logo\/image\/"},"sameAs":["https:\/\/es-es.facebook.com\/eneroarquitectura\/","https:\/\/x.com\/eneroarq","https:\/\/www.instagram.com\/eneroarquitectura\/?hl=es","https:\/\/es.linkedin.com\/company\/eneroarquitectura","https:\/\/www.pinterest.es\/eneroarq\/","https:\/\/www.youtube.com\/channel\/UClpI42aeTDSRoK9Ldx8cACw"]},{"@type":"Person","@id":"https:\/\/www.eneroarquitectura.com\/#\/schema\/person\/ed71fc964241a3bdef30907c52c57de5","name":"admin_ENERO","image":{"@type":"ImageObject","inLanguage":"ca","@id":"https:\/\/www.eneroarquitectura.com\/#\/schema\/person\/image\/","url":"https:\/\/secure.gravatar.com\/avatar\/8bca979d5344ed51c80b9b3cc530c6df1f44cbb592131e08468087b4b7eb68ca?s=96&d=mm&r=g","contentUrl":"https:\/\/secure.gravatar.com\/avatar\/8bca979d5344ed51c80b9b3cc530c6df1f44cbb592131e08468087b4b7eb68ca?s=96&d=mm&r=g","caption":"admin_ENERO"},"sameAs":["https:\/\/x.com\/admin_enero"],"url":"https:\/\/www.eneroarquitectura.com\/ca\/author\/admin_enero\/"}]}},"_links":{"self":[{"href":"https:\/\/www.eneroarquitectura.com\/ca\/wp-json\/wp\/v2\/posts\/5077","targetHints":{"allow":["GET"]}}],"collection":[{"href":"https:\/\/www.eneroarquitectura.com\/ca\/wp-json\/wp\/v2\/posts"}],"about":[{"href":"https:\/\/www.eneroarquitectura.com\/ca\/wp-json\/wp\/v2\/types\/post"}],"author":[{"embeddable":true,"href":"https:\/\/www.eneroarquitectura.com\/ca\/wp-json\/wp\/v2\/users\/1"}],"replies":[{"embeddable":true,"href":"https:\/\/www.eneroarquitectura.com\/ca\/wp-json\/wp\/v2\/comments?post=5077"}],"version-history":[{"count":6,"href":"https:\/\/www.eneroarquitectura.com\/ca\/wp-json\/wp\/v2\/posts\/5077\/revisions"}],"predecessor-version":[{"id":5274,"href":"https:\/\/www.eneroarquitectura.com\/ca\/wp-json\/wp\/v2\/posts\/5077\/revisions\/5274"}],"wp:featuredmedia":[{"embeddable":true,"href":"https:\/\/www.eneroarquitectura.com\/ca\/wp-json\/wp\/v2\/media\/5271"}],"wp:attachment":[{"href":"https:\/\/www.eneroarquitectura.com\/ca\/wp-json\/wp\/v2\/media?parent=5077"}],"wp:term":[{"taxonomy":"category","embeddable":true,"href":"https:\/\/www.eneroarquitectura.com\/ca\/wp-json\/wp\/v2\/categories?post=5077"},{"taxonomy":"post_tag","embeddable":true,"href":"https:\/\/www.eneroarquitectura.com\/ca\/wp-json\/wp\/v2\/tags?post=5077"}],"curies":[{"name":"wp","href":"https:\/\/api.w.org\/{rel}","templated":true}]}}