{"id":6651,"date":"2025-12-01T16:23:03","date_gmt":"2025-12-01T16:23:03","guid":{"rendered":"https:\/\/www.eneroarquitectura.com\/un-final-de-ano-muy-especial-para-enero-arquitectura\/"},"modified":"2026-04-24T06:46:21","modified_gmt":"2026-04-24T06:46:21","slug":"a-very-special-year-end-for-enero-arquitectura","status":"publish","type":"post","link":"https:\/\/www.eneroarquitectura.com\/en\/a-very-special-year-end-for-enero-arquitectura\/","title":{"rendered":"A VERY SPECIAL YEAR-END FOR ENERO ARQUITECTURA"},"content":{"rendered":"<p>[vc_row][vc_column][vc_column_text]2025 has been a very special year for ENERO Arquitectura, not only because of the projects carried out, but also because of the recognition the team has received and the technological advances we are developing.<\/p>\n<p>&nbsp;<\/p>\n<p>Throughout this year, we have opened a window for you to get to know several of the teams that make up ENERO Arquitectura more closely, and we would like you to join us in 2026 as well, a year in which we will celebrate our 20th anniversary.<\/p>\n<p>&nbsp;<\/p>\n<h2>A HOSPITAL ARCHITECTURE THAT CROSSES BORDERS AND PUTS PEOPLE AT THE CENTER<\/h2>\n<p>With projects that cross borders and typologies, ENERO Arquitectura reaffirmed in 2025 its commitment to a hospital architecture that puts people at the center, combining technological innovation, sustainability, and a sensitive approach to spaces of care.<\/p>\n<p>&nbsp;<\/p>\n<p>Among the most significant milestones is the topping-out ceremony of Hospiten Madrid Boadilla Hospital. This new center, with more than 55,000 m\u00b2, will expand the Hospiten Group\u2019s healthcare network in the Community of Madrid, while also incorporating criteria of energy efficiency, functional flexibility, and a clear orientation toward patient wellbeing.<\/p>\n<p>&nbsp;<\/p>\n<p>We would also highlight the completion of the extension to Quir\u00f3nsalud Badalona Hospital. This intervention adds 1,330 m\u00b2 of new healthcare surface area and incorporates 36 additional single rooms, including one suite on each of the two new floors. In addition to the rooms, the extension includes workrooms, nursing stations, and technical support areas, increasing the center\u2019s care capacity without interrupting its healthcare activity.<\/p>\n<p>&nbsp;<\/p>\n<p>Another of the most important interventions we are currently completing is the new lobby of La Paz Hospital\u2019s Maternal-Child building. This space has been conceived to welcome and support users from the very first moment, with an inclusive and emotional design approach that anticipates the overall transformation of the complex.<\/p>\n<p>&nbsp;<\/p>\n<p>At the national level, ENERO continues to work on landmark projects. The new Building 8 (4,471 m\u00b2) at Fundaci\u00f3n Jim\u00e9nez D\u00edaz expands the hospital complex with state-of-the-art facilities. At the same time, work continues on the different phases of the comprehensive refurbishment of the healthcare center, and the renovations at Quir\u00f3nsalud Madrid Pozuelo Hospital have made it possible to renew emergency areas, consulting rooms, and staff rest areas. These interventions are intended to improve the efficiency and comfort of these centers. The work at Ruber Juan Bravo and Ruber Internacional hospitals is also noteworthy.<\/p>\n<p>&nbsp;<\/p>\n<p>In Catalonia, ENERO Arquitectura continues to make progress on a significant group of interventions that reinforce the transformation and modernization of the region\u2019s healthcare system. Our work maintains a constant focus on improving key infrastructures such as Hospital Cl\u00ednic de Barcelona, where we continue to develop new phases of renovation, as well as Hospital General de Catalunya and Hospital Universitari Sagrat Cor, where we are promoting interventions aimed at environmental upgrading, operational efficiency, and the optimization of care spaces. These initiatives, together with other technical and administrative support projects within the Catalan healthcare network, consolidate our ongoing presence and our commitment to a sustainable, functional, and patient-centered healthcare architecture.<\/p>\n<p>&nbsp;<\/p>\n<p>Meanwhile, we continue working on the Quir\u00f3nsalud Valencia Hospital project (42,674 m\u00b2). This flagship center, with a total of 116 rooms, 134 outpatient consulting rooms, and 16 operating theaters, will be located just a few metres from Hospital La Fe. Construction is scheduled to begin in early 2026.<\/p>\n<p>&nbsp;<\/p>\n<p>At the international level, ENERO continues exporting its healthcare architecture model to new territories. This year, we have continued working on the construction phase of the Goumin Clinic in Abidjan, Ivory Coast, and have started a new hospital project of more than 20,000 m\u00b2 in the same African city. In the Caribbean region, we continue to work on the project for a new hospital in Punta Cana, Dominican Republic (9,808 m\u00b2).<\/p>\n<p>&nbsp;<\/p>\n<p>Outside the field of hospital architecture, another of the major projects currently underway is the new NCB3 Animal Facility in Algete, a highly specialized infrastructure intended for biomedical research. Its design responds to international standards of biocontainment and operability, and it represents a decisive step forward in the scientific capacity of the national research ecosystem. It is expected to be completed in June 2026.<\/p>\n<p>&nbsp;<\/p>\n<p>In the hotel sector, 2025 has brought us a very special recognition: first prize in the tender for the comprehensive refurbishment of the Parador de Turismo de Gredos. This emblematic project involves intervening in a historic building that marks the origin of Spain\u2019s Paradores network, combining heritage, sustainability, and new user experiences.<\/p>\n<p>&nbsp;<\/p>\n<div id=\"attachment_6440\" style=\"width: 970px\" class=\"wp-caption alignnone\"><img loading=\"lazy\" decoding=\"async\" aria-describedby=\"caption-attachment-6440\" class=\"wp-image-6440 size-full\" src=\"https:\/\/www.eneroarquitectura.com\/wp-content\/uploads\/2025\/12\/Imagen-Blog_02.jpg\" alt=\"Francisco Ortega speaking during the topping-out ceremony of Hospiten Madrid Boadilla Hospital.\" width=\"960\" height=\"640\" srcset=\"https:\/\/www.eneroarquitectura.com\/wp-content\/uploads\/2025\/12\/Imagen-Blog_02.jpg 960w, https:\/\/www.eneroarquitectura.com\/wp-content\/uploads\/2025\/12\/Imagen-Blog_02-300x200.jpg 300w, https:\/\/www.eneroarquitectura.com\/wp-content\/uploads\/2025\/12\/Imagen-Blog_02-768x512.jpg 768w, https:\/\/www.eneroarquitectura.com\/wp-content\/uploads\/2025\/12\/Imagen-Blog_02-480x320.jpg 480w\" sizes=\"auto, (max-width: 960px) 100vw, 960px\" \/><p id=\"caption-attachment-6440\" class=\"wp-caption-text\">Francisco Ortega speaking during the topping-out ceremony of Hospiten Madrid Boadilla Hospital.<\/p><\/div>\n<h2><\/h2>\n<h2>A YEAR FULL OF RECOGNITION<\/h2>\n<p>In addition to the different projects, this year the work and career of our director, Francisco Ortega Montoliu, have also been recognized both inside and outside the practice. Francisco Ortega has been awarded the 2025 Rafael Manzano Prize for New Traditional Architecture, one of the most important awards in Europe in the field of architecture and heritage conservation. This recognition highlights his ability to give new life to historic and rural buildings, respecting their authenticity and adapting them to contemporary needs. His work has contributed not only to the conservation of architectural heritage, but also to the economic and social revitalization of the places in which he intervenes.<\/p>\n<p>&nbsp;<\/p>\n<p>He was also invited to speak at the International Congress of Building Cultures, organized by the Foundation for Traditional Building Cultures. Francisco focused his talk on the dialogue between contemporary architecture and traditional crafts, using as an example the rehabilitation of the Pardo Donleb\u00fan palaces in Asturias.<\/p>\n<p>&nbsp;<\/p>\n<p>In addition, Francisco Ortega joined the teaching staff of the course <em>The Crafts of Construction in Contemporary Architecture<\/em>, organized by the Continuing Education Institute of COAM in collaboration with the Foundation for Traditional Building Cultures. This initiative, focused on the recovery of vernacular techniques and materials applied to contemporary architecture, seeks to highlight crafts as an essential part of the construction process. In support of this educational work, ENERO Arquitectura has granted scholarships to two students on the program, reaffirming its commitment to the transmission of knowledge, sustainability, and the preservation of building culture.<\/p>\n<p>&nbsp;<\/p>\n<div id=\"attachment_6443\" style=\"width: 970px\" class=\"wp-caption alignnone\"><img loading=\"lazy\" decoding=\"async\" aria-describedby=\"caption-attachment-6443\" class=\"wp-image-6443 size-full\" src=\"https:\/\/www.eneroarquitectura.com\/wp-content\/uploads\/2025\/12\/Imagen-Blog_03.jpg\" alt=\"Francisco Ortega together with the jury of the Rafael Manzano Prize for New Traditional Architecture.\" width=\"960\" height=\"641\" srcset=\"https:\/\/www.eneroarquitectura.com\/wp-content\/uploads\/2025\/12\/Imagen-Blog_03.jpg 960w, https:\/\/www.eneroarquitectura.com\/wp-content\/uploads\/2025\/12\/Imagen-Blog_03-300x200.jpg 300w, https:\/\/www.eneroarquitectura.com\/wp-content\/uploads\/2025\/12\/Imagen-Blog_03-768x513.jpg 768w, https:\/\/www.eneroarquitectura.com\/wp-content\/uploads\/2025\/12\/Imagen-Blog_03-480x321.jpg 480w\" sizes=\"auto, (max-width: 960px) 100vw, 960px\" \/><p id=\"caption-attachment-6443\" class=\"wp-caption-text\">Francisco Ortega together with the jury of the Rafael Manzano Prize for New Traditional Architecture.<\/p><\/div>\n<p>&nbsp;<\/p>\n<h2>TECHNOLOGY AS A DRIVER OF TRANSFORMATION<\/h2>\n<p>2025 has also been a year of digital and technological transformation for ENERO Arquitectura.<\/p>\n<p>&nbsp;<\/p>\n<p>Obtaining ISO 19650-2:2018 certification marks a milestone in our innovation and quality strategy, accrediting excellence in information management within BIM environments and consolidating a collaborative, transparent, and traceable working model. This recognition not only validates our processes, but also reinforces our commitment to a more precise, coordinated, and efficient architecture.<\/p>\n<p>&nbsp;<\/p>\n<p>At the same time, we have developed ENERO HUB, a digital platform that centralizes and enhances all the firm\u2019s resources, tools, and knowledge. Designed entirely by our team using cutting-edge technologies, this tool is transforming the way we work, share knowledge, and manage project complexity.<\/p>\n<p>&nbsp;<\/p>\n<p>ENERO HUB acts as the digital heart of the practice. It integrates different training, research, and management environments that allow technology to support the creative process without replacing it. Through modules such as Enero Academy, a library of more than one hundred internal courses, we promote continuous training with intelligent systems for organization and monitoring. In Enero Lab, we explore new generative and visual tools that improve architectural communication and the presentation of ideas. The Digital Technical Library brings together all our accumulated knowledge: materials, construction details, competition documentation, and site photographs, all available through an advanced search system.<\/p>\n<p>&nbsp;<\/p>\n<p>Other environments, such as BIM Manager and the Urban Planning Regulations module, integrate specialized chatbots and interactive systems that optimize the technical and legal management of projects, while the Studio Management area makes it possible to coordinate resources, teams, and workspaces in real time.<\/p>\n<p>&nbsp;<\/p>\n<p>With these tools, ENERO Arquitectura is moving toward a more agile, collaborative, and connected digital model, where technology amplifies what has always defined our practice: precision, innovation, and care for every detail.<\/p>\n<p>&nbsp;<\/p>\n<div id=\"attachment_6446\" style=\"width: 970px\" class=\"wp-caption alignnone\"><img loading=\"lazy\" decoding=\"async\" aria-describedby=\"caption-attachment-6446\" class=\"wp-image-6446 size-full\" src=\"https:\/\/www.eneroarquitectura.com\/wp-content\/uploads\/2025\/12\/Imagen-Blog_04.jpg\" alt=\"Image of ENERO Arquitectura\u2019s BIM Taxonomy assistant.\" width=\"960\" height=\"456\" srcset=\"https:\/\/www.eneroarquitectura.com\/wp-content\/uploads\/2025\/12\/Imagen-Blog_04.jpg 960w, https:\/\/www.eneroarquitectura.com\/wp-content\/uploads\/2025\/12\/Imagen-Blog_04-300x143.jpg 300w, https:\/\/www.eneroarquitectura.com\/wp-content\/uploads\/2025\/12\/Imagen-Blog_04-768x365.jpg 768w, https:\/\/www.eneroarquitectura.com\/wp-content\/uploads\/2025\/12\/Imagen-Blog_04-480x228.jpg 480w\" sizes=\"auto, (max-width: 960px) 100vw, 960px\" \/><p id=\"caption-attachment-6446\" class=\"wp-caption-text\">Image of ENERO Arquitectura\u2019s BIM Taxonomy assistant.<\/p><\/div>\n<p>&nbsp;<\/p>\n<h2>ENERO ARQUITECTURA CONTINUES TO LOOK TO THE FUTURE<\/h2>\n<p>Next year will be very special for us. In 2026, ENERO Arquitectura will celebrate its 20th anniversary: two decades dedicated to designing spaces that care. Throughout the year, we will share a journey through our history, emblematic projects, and lessons learned, along with many other surprises that will reflect the spirit with which we continue looking toward the future.[\/vc_column_text][\/vc_column][\/vc_row]<\/p>\n","protected":false},"excerpt":{"rendered":"<p>2025 has been a very special year for ENERO Arquitectura, not only because of the projects carried out, but also because of the recognition the team has received and the technological advances we are developing.<\/p>\n","protected":false},"author":1,"featured_media":6453,"comment_status":"open","ping_status":"open","sticky":false,"template":"","format":"standard","meta":{"footnotes":""},"categories":[244],"tags":[],"class_list":["post-6651","post","type-post","status-publish","format-standard","has-post-thumbnail","hentry","category-architecture"],"yoast_head":"<!-- This site is optimized with the Yoast SEO plugin v26.4 - https:\/\/yoast.com\/wordpress\/plugins\/seo\/ -->\n<title>A VERY SPECIAL YEAR-END FOR ENERO ARQUITECTURA | Enero Arquitectura | Arquitectura hospitalaria<\/title>\n<meta name=\"description\" content=\"2025 has been a very special year for ENERO Arquitectura, not only because of the projects carried out, but also because of the recognition the team has received and the technological advances we are developing.\" \/>\n<meta name=\"robots\" content=\"index, follow, max-snippet:-1, max-image-preview:large, max-video-preview:-1\" \/>\n<link rel=\"canonical\" href=\"https:\/\/www.eneroarquitectura.com\/en\/a-very-special-year-end-for-enero-arquitectura\/\" \/>\n<meta property=\"og:locale\" content=\"en_US\" \/>\n<meta property=\"og:type\" content=\"article\" \/>\n<meta property=\"og:title\" content=\"A VERY SPECIAL YEAR-END FOR ENERO ARQUITECTURA | Enero Arquitectura | Arquitectura hospitalaria\" \/>\n<meta property=\"og:description\" content=\"2025 has been a very special year for ENERO Arquitectura, not only because of the projects carried out, but also because of the recognition the team has received and the technological advances we are developing.\" \/>\n<meta property=\"og:url\" content=\"https:\/\/www.eneroarquitectura.com\/en\/a-very-special-year-end-for-enero-arquitectura\/\" \/>\n<meta property=\"og:site_name\" content=\"Enero Arquitectura\" \/>\n<meta property=\"article:publisher\" content=\"https:\/\/es-es.facebook.com\/eneroarquitectura\/\" \/>\n<meta property=\"article:published_time\" content=\"2025-12-01T16:23:03+00:00\" \/>\n<meta property=\"article:modified_time\" content=\"2026-04-24T06:46:21+00:00\" \/>\n<meta property=\"og:image\" content=\"https:\/\/www.eneroarquitectura.com\/wp-content\/uploads\/2025\/12\/Imagen-Blog_011.jpg\" \/>\n\t<meta property=\"og:image:width\" content=\"1200\" \/>\n\t<meta property=\"og:image:height\" content=\"801\" \/>\n\t<meta property=\"og:image:type\" content=\"image\/jpeg\" \/>\n<meta name=\"author\" content=\"admin_ENERO\" \/>\n<meta name=\"twitter:card\" content=\"summary_large_image\" \/>\n<meta name=\"twitter:creator\" content=\"@admin_enero\" \/>\n<meta name=\"twitter:site\" content=\"@eneroarq\" \/>\n<meta name=\"twitter:label1\" content=\"Written by\" \/>\n\t<meta name=\"twitter:data1\" content=\"admin_ENERO\" \/>\n\t<meta name=\"twitter:label2\" content=\"Est. reading time\" \/>\n\t<meta name=\"twitter:data2\" content=\"8 minutes\" \/>\n<script type=\"application\/ld+json\" class=\"yoast-schema-graph\">{\"@context\":\"https:\/\/schema.org\",\"@graph\":[{\"@type\":\"Article\",\"@id\":\"https:\/\/www.eneroarquitectura.com\/en\/a-very-special-year-end-for-enero-arquitectura\/#article\",\"isPartOf\":{\"@id\":\"https:\/\/www.eneroarquitectura.com\/en\/a-very-special-year-end-for-enero-arquitectura\/\"},\"author\":{\"name\":\"admin_ENERO\",\"@id\":\"https:\/\/www.eneroarquitectura.com\/#\/schema\/person\/ed71fc964241a3bdef30907c52c57de5\"},\"headline\":\"A VERY SPECIAL YEAR-END FOR ENERO ARQUITECTURA\",\"datePublished\":\"2025-12-01T16:23:03+00:00\",\"dateModified\":\"2026-04-24T06:46:21+00:00\",\"mainEntityOfPage\":{\"@id\":\"https:\/\/www.eneroarquitectura.com\/en\/a-very-special-year-end-for-enero-arquitectura\/\"},\"wordCount\":1437,\"commentCount\":0,\"publisher\":{\"@id\":\"https:\/\/www.eneroarquitectura.com\/#organization\"},\"image\":{\"@id\":\"https:\/\/www.eneroarquitectura.com\/en\/a-very-special-year-end-for-enero-arquitectura\/#primaryimage\"},\"thumbnailUrl\":\"https:\/\/www.eneroarquitectura.com\/wp-content\/uploads\/2025\/12\/Imagen-Blog_011.jpg\",\"articleSection\":[\"Architecture\"],\"inLanguage\":\"en-US\",\"potentialAction\":[{\"@type\":\"CommentAction\",\"name\":\"Comment\",\"target\":[\"https:\/\/www.eneroarquitectura.com\/en\/a-very-special-year-end-for-enero-arquitectura\/#respond\"]}]},{\"@type\":\"WebPage\",\"@id\":\"https:\/\/www.eneroarquitectura.com\/en\/a-very-special-year-end-for-enero-arquitectura\/\",\"url\":\"https:\/\/www.eneroarquitectura.com\/en\/a-very-special-year-end-for-enero-arquitectura\/\",\"name\":\"A VERY SPECIAL YEAR-END FOR ENERO ARQUITECTURA | Enero Arquitectura | Arquitectura hospitalaria\",\"isPartOf\":{\"@id\":\"https:\/\/www.eneroarquitectura.com\/#website\"},\"primaryImageOfPage\":{\"@id\":\"https:\/\/www.eneroarquitectura.com\/en\/a-very-special-year-end-for-enero-arquitectura\/#primaryimage\"},\"image\":{\"@id\":\"https:\/\/www.eneroarquitectura.com\/en\/a-very-special-year-end-for-enero-arquitectura\/#primaryimage\"},\"thumbnailUrl\":\"https:\/\/www.eneroarquitectura.com\/wp-content\/uploads\/2025\/12\/Imagen-Blog_011.jpg\",\"datePublished\":\"2025-12-01T16:23:03+00:00\",\"dateModified\":\"2026-04-24T06:46:21+00:00\",\"description\":\"2025 has been a very special year for ENERO Arquitectura, not only because of the projects carried out, but also because of the recognition the team has received and the technological advances we are developing.\",\"breadcrumb\":{\"@id\":\"https:\/\/www.eneroarquitectura.com\/en\/a-very-special-year-end-for-enero-arquitectura\/#breadcrumb\"},\"inLanguage\":\"en-US\",\"potentialAction\":[{\"@type\":\"ReadAction\",\"target\":[\"https:\/\/www.eneroarquitectura.com\/en\/a-very-special-year-end-for-enero-arquitectura\/\"]}]},{\"@type\":\"ImageObject\",\"inLanguage\":\"en-US\",\"@id\":\"https:\/\/www.eneroarquitectura.com\/en\/a-very-special-year-end-for-enero-arquitectura\/#primaryimage\",\"url\":\"https:\/\/www.eneroarquitectura.com\/wp-content\/uploads\/2025\/12\/Imagen-Blog_011.jpg\",\"contentUrl\":\"https:\/\/www.eneroarquitectura.com\/wp-content\/uploads\/2025\/12\/Imagen-Blog_011.jpg\",\"width\":1200,\"height\":801,\"caption\":\"Francisco Ortega recibiendo el Premio Rafael Manzano\"},{\"@type\":\"BreadcrumbList\",\"@id\":\"https:\/\/www.eneroarquitectura.com\/en\/a-very-special-year-end-for-enero-arquitectura\/#breadcrumb\",\"itemListElement\":[{\"@type\":\"ListItem\",\"position\":1,\"name\":\"Portada\",\"item\":\"https:\/\/www.eneroarquitectura.com\/en\/\"},{\"@type\":\"ListItem\",\"position\":2,\"name\":\"A VERY SPECIAL YEAR-END FOR ENERO ARQUITECTURA\"}]},{\"@type\":\"WebSite\",\"@id\":\"https:\/\/www.eneroarquitectura.com\/#website\",\"url\":\"https:\/\/www.eneroarquitectura.com\/\",\"name\":\"Enero Arquitectura\",\"description\":\"Estudio de arquitectura, referente de la arquitectura hospitalaria en Espa\u00f1a, con m\u00e1s de 2.000.000 m2 de proyectos realizados.\",\"publisher\":{\"@id\":\"https:\/\/www.eneroarquitectura.com\/#organization\"},\"potentialAction\":[{\"@type\":\"SearchAction\",\"target\":{\"@type\":\"EntryPoint\",\"urlTemplate\":\"https:\/\/www.eneroarquitectura.com\/?s={search_term_string}\"},\"query-input\":{\"@type\":\"PropertyValueSpecification\",\"valueRequired\":true,\"valueName\":\"search_term_string\"}}],\"inLanguage\":\"en-US\"},{\"@type\":\"Organization\",\"@id\":\"https:\/\/www.eneroarquitectura.com\/#organization\",\"name\":\"ENERO ARQUITECTURA SLP\",\"url\":\"https:\/\/www.eneroarquitectura.com\/\",\"logo\":{\"@type\":\"ImageObject\",\"inLanguage\":\"en-US\",\"@id\":\"https:\/\/www.eneroarquitectura.com\/#\/schema\/logo\/image\/\",\"url\":\"https:\/\/www.eneroarquitectura.com\/wp-content\/uploads\/2021\/12\/LOGO-ENERO2.png\",\"contentUrl\":\"https:\/\/www.eneroarquitectura.com\/wp-content\/uploads\/2021\/12\/LOGO-ENERO2.png\",\"width\":2382,\"height\":365,\"caption\":\"ENERO ARQUITECTURA SLP\"},\"image\":{\"@id\":\"https:\/\/www.eneroarquitectura.com\/#\/schema\/logo\/image\/\"},\"sameAs\":[\"https:\/\/es-es.facebook.com\/eneroarquitectura\/\",\"https:\/\/x.com\/eneroarq\",\"https:\/\/www.instagram.com\/eneroarquitectura\/?hl=es\",\"https:\/\/es.linkedin.com\/company\/eneroarquitectura\",\"https:\/\/www.pinterest.es\/eneroarq\/\",\"https:\/\/www.youtube.com\/channel\/UClpI42aeTDSRoK9Ldx8cACw\"]},{\"@type\":\"Person\",\"@id\":\"https:\/\/www.eneroarquitectura.com\/#\/schema\/person\/ed71fc964241a3bdef30907c52c57de5\",\"name\":\"admin_ENERO\",\"image\":{\"@type\":\"ImageObject\",\"inLanguage\":\"en-US\",\"@id\":\"https:\/\/www.eneroarquitectura.com\/#\/schema\/person\/image\/\",\"url\":\"https:\/\/secure.gravatar.com\/avatar\/8bca979d5344ed51c80b9b3cc530c6df1f44cbb592131e08468087b4b7eb68ca?s=96&d=mm&r=g\",\"contentUrl\":\"https:\/\/secure.gravatar.com\/avatar\/8bca979d5344ed51c80b9b3cc530c6df1f44cbb592131e08468087b4b7eb68ca?s=96&d=mm&r=g\",\"caption\":\"admin_ENERO\"},\"sameAs\":[\"https:\/\/x.com\/admin_enero\"],\"url\":\"https:\/\/www.eneroarquitectura.com\/en\/author\/admin_enero\/\"}]}<\/script>\n<!-- \/ Yoast SEO plugin. -->","yoast_head_json":{"title":"A VERY SPECIAL YEAR-END FOR ENERO ARQUITECTURA | Enero Arquitectura | Arquitectura hospitalaria","description":"2025 has been a very special year for ENERO Arquitectura, not only because of the projects carried out, but also because of the recognition the team has received and the technological advances we are developing.","robots":{"index":"index","follow":"follow","max-snippet":"max-snippet:-1","max-image-preview":"max-image-preview:large","max-video-preview":"max-video-preview:-1"},"canonical":"https:\/\/www.eneroarquitectura.com\/en\/a-very-special-year-end-for-enero-arquitectura\/","og_locale":"en_US","og_type":"article","og_title":"A VERY SPECIAL YEAR-END FOR ENERO ARQUITECTURA | Enero Arquitectura | Arquitectura hospitalaria","og_description":"2025 has been a very special year for ENERO Arquitectura, not only because of the projects carried out, but also because of the recognition the team has received and the technological advances we are developing.","og_url":"https:\/\/www.eneroarquitectura.com\/en\/a-very-special-year-end-for-enero-arquitectura\/","og_site_name":"Enero Arquitectura","article_publisher":"https:\/\/es-es.facebook.com\/eneroarquitectura\/","article_published_time":"2025-12-01T16:23:03+00:00","article_modified_time":"2026-04-24T06:46:21+00:00","og_image":[{"width":1200,"height":801,"url":"https:\/\/www.eneroarquitectura.com\/wp-content\/uploads\/2025\/12\/Imagen-Blog_011.jpg","type":"image\/jpeg"}],"author":"admin_ENERO","twitter_card":"summary_large_image","twitter_creator":"@admin_enero","twitter_site":"@eneroarq","twitter_misc":{"Written by":"admin_ENERO","Est. reading time":"8 minutes"},"schema":{"@context":"https:\/\/schema.org","@graph":[{"@type":"Article","@id":"https:\/\/www.eneroarquitectura.com\/en\/a-very-special-year-end-for-enero-arquitectura\/#article","isPartOf":{"@id":"https:\/\/www.eneroarquitectura.com\/en\/a-very-special-year-end-for-enero-arquitectura\/"},"author":{"name":"admin_ENERO","@id":"https:\/\/www.eneroarquitectura.com\/#\/schema\/person\/ed71fc964241a3bdef30907c52c57de5"},"headline":"A VERY SPECIAL YEAR-END FOR ENERO ARQUITECTURA","datePublished":"2025-12-01T16:23:03+00:00","dateModified":"2026-04-24T06:46:21+00:00","mainEntityOfPage":{"@id":"https:\/\/www.eneroarquitectura.com\/en\/a-very-special-year-end-for-enero-arquitectura\/"},"wordCount":1437,"commentCount":0,"publisher":{"@id":"https:\/\/www.eneroarquitectura.com\/#organization"},"image":{"@id":"https:\/\/www.eneroarquitectura.com\/en\/a-very-special-year-end-for-enero-arquitectura\/#primaryimage"},"thumbnailUrl":"https:\/\/www.eneroarquitectura.com\/wp-content\/uploads\/2025\/12\/Imagen-Blog_011.jpg","articleSection":["Architecture"],"inLanguage":"en-US","potentialAction":[{"@type":"CommentAction","name":"Comment","target":["https:\/\/www.eneroarquitectura.com\/en\/a-very-special-year-end-for-enero-arquitectura\/#respond"]}]},{"@type":"WebPage","@id":"https:\/\/www.eneroarquitectura.com\/en\/a-very-special-year-end-for-enero-arquitectura\/","url":"https:\/\/www.eneroarquitectura.com\/en\/a-very-special-year-end-for-enero-arquitectura\/","name":"A VERY SPECIAL YEAR-END FOR ENERO ARQUITECTURA | Enero Arquitectura | Arquitectura hospitalaria","isPartOf":{"@id":"https:\/\/www.eneroarquitectura.com\/#website"},"primaryImageOfPage":{"@id":"https:\/\/www.eneroarquitectura.com\/en\/a-very-special-year-end-for-enero-arquitectura\/#primaryimage"},"image":{"@id":"https:\/\/www.eneroarquitectura.com\/en\/a-very-special-year-end-for-enero-arquitectura\/#primaryimage"},"thumbnailUrl":"https:\/\/www.eneroarquitectura.com\/wp-content\/uploads\/2025\/12\/Imagen-Blog_011.jpg","datePublished":"2025-12-01T16:23:03+00:00","dateModified":"2026-04-24T06:46:21+00:00","description":"2025 has been a very special year for ENERO Arquitectura, not only because of the projects carried out, but also because of the recognition the team has received and the technological advances we are developing.","breadcrumb":{"@id":"https:\/\/www.eneroarquitectura.com\/en\/a-very-special-year-end-for-enero-arquitectura\/#breadcrumb"},"inLanguage":"en-US","potentialAction":[{"@type":"ReadAction","target":["https:\/\/www.eneroarquitectura.com\/en\/a-very-special-year-end-for-enero-arquitectura\/"]}]},{"@type":"ImageObject","inLanguage":"en-US","@id":"https:\/\/www.eneroarquitectura.com\/en\/a-very-special-year-end-for-enero-arquitectura\/#primaryimage","url":"https:\/\/www.eneroarquitectura.com\/wp-content\/uploads\/2025\/12\/Imagen-Blog_011.jpg","contentUrl":"https:\/\/www.eneroarquitectura.com\/wp-content\/uploads\/2025\/12\/Imagen-Blog_011.jpg","width":1200,"height":801,"caption":"Francisco Ortega recibiendo el Premio Rafael Manzano"},{"@type":"BreadcrumbList","@id":"https:\/\/www.eneroarquitectura.com\/en\/a-very-special-year-end-for-enero-arquitectura\/#breadcrumb","itemListElement":[{"@type":"ListItem","position":1,"name":"Portada","item":"https:\/\/www.eneroarquitectura.com\/en\/"},{"@type":"ListItem","position":2,"name":"A VERY SPECIAL YEAR-END FOR ENERO ARQUITECTURA"}]},{"@type":"WebSite","@id":"https:\/\/www.eneroarquitectura.com\/#website","url":"https:\/\/www.eneroarquitectura.com\/","name":"Enero Arquitectura","description":"Estudio de arquitectura, referente de la arquitectura hospitalaria en Espa\u00f1a, con m\u00e1s de 2.000.000 m2 de proyectos realizados.","publisher":{"@id":"https:\/\/www.eneroarquitectura.com\/#organization"},"potentialAction":[{"@type":"SearchAction","target":{"@type":"EntryPoint","urlTemplate":"https:\/\/www.eneroarquitectura.com\/?s={search_term_string}"},"query-input":{"@type":"PropertyValueSpecification","valueRequired":true,"valueName":"search_term_string"}}],"inLanguage":"en-US"},{"@type":"Organization","@id":"https:\/\/www.eneroarquitectura.com\/#organization","name":"ENERO ARQUITECTURA SLP","url":"https:\/\/www.eneroarquitectura.com\/","logo":{"@type":"ImageObject","inLanguage":"en-US","@id":"https:\/\/www.eneroarquitectura.com\/#\/schema\/logo\/image\/","url":"https:\/\/www.eneroarquitectura.com\/wp-content\/uploads\/2021\/12\/LOGO-ENERO2.png","contentUrl":"https:\/\/www.eneroarquitectura.com\/wp-content\/uploads\/2021\/12\/LOGO-ENERO2.png","width":2382,"height":365,"caption":"ENERO ARQUITECTURA SLP"},"image":{"@id":"https:\/\/www.eneroarquitectura.com\/#\/schema\/logo\/image\/"},"sameAs":["https:\/\/es-es.facebook.com\/eneroarquitectura\/","https:\/\/x.com\/eneroarq","https:\/\/www.instagram.com\/eneroarquitectura\/?hl=es","https:\/\/es.linkedin.com\/company\/eneroarquitectura","https:\/\/www.pinterest.es\/eneroarq\/","https:\/\/www.youtube.com\/channel\/UClpI42aeTDSRoK9Ldx8cACw"]},{"@type":"Person","@id":"https:\/\/www.eneroarquitectura.com\/#\/schema\/person\/ed71fc964241a3bdef30907c52c57de5","name":"admin_ENERO","image":{"@type":"ImageObject","inLanguage":"en-US","@id":"https:\/\/www.eneroarquitectura.com\/#\/schema\/person\/image\/","url":"https:\/\/secure.gravatar.com\/avatar\/8bca979d5344ed51c80b9b3cc530c6df1f44cbb592131e08468087b4b7eb68ca?s=96&d=mm&r=g","contentUrl":"https:\/\/secure.gravatar.com\/avatar\/8bca979d5344ed51c80b9b3cc530c6df1f44cbb592131e08468087b4b7eb68ca?s=96&d=mm&r=g","caption":"admin_ENERO"},"sameAs":["https:\/\/x.com\/admin_enero"],"url":"https:\/\/www.eneroarquitectura.com\/en\/author\/admin_enero\/"}]}},"_links":{"self":[{"href":"https:\/\/www.eneroarquitectura.com\/en\/wp-json\/wp\/v2\/posts\/6651","targetHints":{"allow":["GET"]}}],"collection":[{"href":"https:\/\/www.eneroarquitectura.com\/en\/wp-json\/wp\/v2\/posts"}],"about":[{"href":"https:\/\/www.eneroarquitectura.com\/en\/wp-json\/wp\/v2\/types\/post"}],"author":[{"embeddable":true,"href":"https:\/\/www.eneroarquitectura.com\/en\/wp-json\/wp\/v2\/users\/1"}],"replies":[{"embeddable":true,"href":"https:\/\/www.eneroarquitectura.com\/en\/wp-json\/wp\/v2\/comments?post=6651"}],"version-history":[{"count":1,"href":"https:\/\/www.eneroarquitectura.com\/en\/wp-json\/wp\/v2\/posts\/6651\/revisions"}],"predecessor-version":[{"id":6652,"href":"https:\/\/www.eneroarquitectura.com\/en\/wp-json\/wp\/v2\/posts\/6651\/revisions\/6652"}],"wp:featuredmedia":[{"embeddable":true,"href":"https:\/\/www.eneroarquitectura.com\/en\/wp-json\/wp\/v2\/media\/6453"}],"wp:attachment":[{"href":"https:\/\/www.eneroarquitectura.com\/en\/wp-json\/wp\/v2\/media?parent=6651"}],"wp:term":[{"taxonomy":"category","embeddable":true,"href":"https:\/\/www.eneroarquitectura.com\/en\/wp-json\/wp\/v2\/categories?post=6651"},{"taxonomy":"post_tag","embeddable":true,"href":"https:\/\/www.eneroarquitectura.com\/en\/wp-json\/wp\/v2\/tags?post=6651"}],"curies":[{"name":"wp","href":"https:\/\/api.w.org\/{rel}","templated":true}]}}